{"id":6694,"date":"2023-05-15T13:56:42","date_gmt":"2023-05-15T16:56:42","guid":{"rendered":"http:\/\/saec.sp.gov.br\/?p=6694"},"modified":"2023-05-15T13:56:44","modified_gmt":"2023-05-15T16:56:44","slug":"reuniao-da-brigada-de-incendio","status":"publish","type":"post","link":"https:\/\/saec.sp.gov.br\/index.php\/2023\/05\/15\/reuniao-da-brigada-de-incendio\/","title":{"rendered":"REUNI\u00c3O DA BRIGADA DE INC\u00caNDIO"},"content":{"rendered":"\n<p>Qualifica\u00e7\u00e3o! A primeira reuni\u00e3o da Brigada Municipal de Inc\u00eandio 2023 foi realizada na sede da SAEC e tem como principal objetivo capacitar a equipe para o per\u00edodo de estiagem. Durante a reuni\u00e3o foi alinhado o planejamento de combate a inc\u00eandio e as a\u00e7\u00f5es que devem ser realizadas neste per\u00edodo.<\/p>\n\n\n\n<p>A Brigada Municipal est\u00e1 formada por representantes da SAEC, Secretaria de Meio Ambiente, Guarda Civil, Defesa Civil, Pol\u00edcia Ambiental e Cofco.<\/p>\n\n\n\n<p>Inc\u00eandios &#8211; Prevenir \u00e9 um dever de todos!<br><br>15\/05\/2023<\/p>\n","protected":false},"excerpt":{"rendered":"<p>Qualifica\u00e7\u00e3o! A primeira reuni\u00e3o da Brigada Municipal de Inc\u00eandio 2023 foi realizada na sede da SAEC e tem como principal objetivo capacitar a equipe para o per\u00edodo de estiagem. Durante a reuni\u00e3o foi alinhado o planejamento de combate a inc\u00eandio e as a\u00e7\u00f5es que devem ser realizadas neste per\u00edodo. A Brigada Municipal est\u00e1 formada por [&hellip;]<\/p>\n","protected":false},"author":9,"featured_media":6695,"comment_status":"closed","ping_status":"closed","sticky":false,"template":"","format":"standard","meta":{"footnotes":""},"categories":[41,43],"tags":[],"yoast_head":"<!-- This site is optimized with the Yoast SEO plugin v15.3 - https:\/\/yoast.com\/wordpress\/plugins\/seo\/ -->\n<title>REUNI\u00c3O DA BRIGADA DE INC\u00caNDIO - SAEC Superintendencia de Agua e Esgoto de Catanduva<\/title>\n<meta name=\"robots\" content=\"index, follow, max-snippet:-1, max-image-preview:large, max-video-preview:-1\" \/>\n<link rel=\"canonical\" href=\"https:\/\/saec.sp.gov.br\/index.php\/2023\/05\/15\/reuniao-da-brigada-de-incendio\/\" \/>\n<meta property=\"og:locale\" content=\"pt_BR\" \/>\n<meta property=\"og:type\" content=\"article\" \/>\n<meta property=\"og:title\" content=\"REUNI\u00c3O DA BRIGADA DE INC\u00caNDIO - SAEC Superintendencia de Agua e Esgoto de Catanduva\" \/>\n<meta property=\"og:description\" content=\"Qualifica\u00e7\u00e3o! A primeira reuni\u00e3o da Brigada Municipal de Inc\u00eandio 2023 foi realizada na sede da SAEC e tem como principal objetivo capacitar a equipe para o per\u00edodo de estiagem. Durante a reuni\u00e3o foi alinhado o planejamento de combate a inc\u00eandio e as a\u00e7\u00f5es que devem ser realizadas neste per\u00edodo. A Brigada Municipal est\u00e1 formada por [&hellip;]\" \/>\n<meta property=\"og:url\" content=\"https:\/\/saec.sp.gov.br\/index.php\/2023\/05\/15\/reuniao-da-brigada-de-incendio\/\" \/>\n<meta property=\"og:site_name\" content=\"SAEC Superintendencia de Agua e Esgoto de Catanduva\" \/>\n<meta property=\"article:published_time\" content=\"2023-05-15T16:56:42+00:00\" \/>\n<meta property=\"article:modified_time\" content=\"2023-05-15T16:56:44+00:00\" \/>\n<meta property=\"og:image\" content=\"https:\/\/saec.sp.gov.br\/wp-content\/uploads\/2023\/05\/reuniao.jpg\" \/>\n\t<meta property=\"og:image:width\" content=\"2048\" \/>\n\t<meta property=\"og:image:height\" content=\"1536\" \/>\n<meta name=\"twitter:card\" content=\"summary\" \/>\n<meta name=\"twitter:label1\" content=\"Written by\">\n\t<meta name=\"twitter:data1\" content=\"Katia Muller\">\n\t<meta name=\"twitter:label2\" content=\"Est. reading time\">\n\t<meta name=\"twitter:data2\" content=\"0 minuto\">\n<script type=\"application\/ld+json\" class=\"yoast-schema-graph\">{\"@context\":\"https:\/\/schema.org\",\"@graph\":[{\"@type\":\"WebSite\",\"@id\":\"https:\/\/saec.sp.gov.br\/#website\",\"url\":\"https:\/\/saec.sp.gov.br\/\",\"name\":\"SAEC Superintendencia de Agua e Esgoto de Catanduva\",\"description\":\"SAEC\",\"potentialAction\":[{\"@type\":\"SearchAction\",\"target\":\"https:\/\/saec.sp.gov.br\/?s={search_term_string}\",\"query-input\":\"required name=search_term_string\"}],\"inLanguage\":\"pt-BR\"},{\"@type\":\"ImageObject\",\"@id\":\"https:\/\/saec.sp.gov.br\/index.php\/2023\/05\/15\/reuniao-da-brigada-de-incendio\/#primaryimage\",\"inLanguage\":\"pt-BR\",\"url\":\"https:\/\/saec.sp.gov.br\/wp-content\/uploads\/2023\/05\/reuniao.jpg\",\"width\":2048,\"height\":1536},{\"@type\":\"WebPage\",\"@id\":\"https:\/\/saec.sp.gov.br\/index.php\/2023\/05\/15\/reuniao-da-brigada-de-incendio\/#webpage\",\"url\":\"https:\/\/saec.sp.gov.br\/index.php\/2023\/05\/15\/reuniao-da-brigada-de-incendio\/\",\"name\":\"REUNI\\u00c3O DA BRIGADA DE INC\\u00caNDIO - SAEC Superintendencia de Agua e Esgoto de Catanduva\",\"isPartOf\":{\"@id\":\"https:\/\/saec.sp.gov.br\/#website\"},\"primaryImageOfPage\":{\"@id\":\"https:\/\/saec.sp.gov.br\/index.php\/2023\/05\/15\/reuniao-da-brigada-de-incendio\/#primaryimage\"},\"datePublished\":\"2023-05-15T16:56:42+00:00\",\"dateModified\":\"2023-05-15T16:56:44+00:00\",\"author\":{\"@id\":\"https:\/\/saec.sp.gov.br\/#\/schema\/person\/50ef0d9dd88bbbcefe39443548103bbb\"},\"inLanguage\":\"pt-BR\",\"potentialAction\":[{\"@type\":\"ReadAction\",\"target\":[\"https:\/\/saec.sp.gov.br\/index.php\/2023\/05\/15\/reuniao-da-brigada-de-incendio\/\"]}]},{\"@type\":\"Person\",\"@id\":\"https:\/\/saec.sp.gov.br\/#\/schema\/person\/50ef0d9dd88bbbcefe39443548103bbb\",\"name\":\"Katia Muller\"}]}<\/script>\n<!-- \/ Yoast SEO plugin. -->","amp_validity":null,"amp_enabled":true,"_links":{"self":[{"href":"https:\/\/saec.sp.gov.br\/index.php\/wp-json\/wp\/v2\/posts\/6694"}],"collection":[{"href":"https:\/\/saec.sp.gov.br\/index.php\/wp-json\/wp\/v2\/posts"}],"about":[{"href":"https:\/\/saec.sp.gov.br\/index.php\/wp-json\/wp\/v2\/types\/post"}],"author":[{"embeddable":true,"href":"https:\/\/saec.sp.gov.br\/index.php\/wp-json\/wp\/v2\/users\/9"}],"replies":[{"embeddable":true,"href":"https:\/\/saec.sp.gov.br\/index.php\/wp-json\/wp\/v2\/comments?post=6694"}],"version-history":[{"count":1,"href":"https:\/\/saec.sp.gov.br\/index.php\/wp-json\/wp\/v2\/posts\/6694\/revisions"}],"predecessor-version":[{"id":6696,"href":"https:\/\/saec.sp.gov.br\/index.php\/wp-json\/wp\/v2\/posts\/6694\/revisions\/6696"}],"wp:featuredmedia":[{"embeddable":true,"href":"https:\/\/saec.sp.gov.br\/index.php\/wp-json\/wp\/v2\/media\/6695"}],"wp:attachment":[{"href":"https:\/\/saec.sp.gov.br\/index.php\/wp-json\/wp\/v2\/media?parent=6694"}],"wp:term":[{"taxonomy":"category","embeddable":true,"href":"https:\/\/saec.sp.gov.br\/index.php\/wp-json\/wp\/v2\/categories?post=6694"},{"taxonomy":"post_tag","embeddable":true,"href":"https:\/\/saec.sp.gov.br\/index.php\/wp-json\/wp\/v2\/tags?post=6694"}],"curies":[{"name":"wp","href":"https:\/\/api.w.org\/{rel}","templated":true}]}}