{"id":6886,"date":"2023-06-05T17:07:11","date_gmt":"2023-06-05T20:07:11","guid":{"rendered":"http:\/\/saec.sp.gov.br\/?p=6886"},"modified":"2023-06-05T17:07:11","modified_gmt":"2023-06-05T20:07:11","slug":"descarte-irregular-de-lixo-2","status":"publish","type":"post","link":"https:\/\/saec.sp.gov.br\/index.php\/2023\/06\/05\/descarte-irregular-de-lixo-2\/","title":{"rendered":"DESCARTE IRREGULAR DE LIXO"},"content":{"rendered":"<div class=\"x11i5rnm xat24cr x1mh8g0r x1vvkbs xtlvy1s x126k92a\">\n<div dir=\"auto\">For\u00e7a-tarefa! A SAEC e a GCM (Guarda Civil Municipal) est\u00e3o unidas para combater o descarte irregular de materiais inserv\u00edveis. Neste domingo, dia 4, os guardas municipais flagraram novo descarte irregular de lixo. Desta vez, o crime ambiental foi executado no canteiro central da avenida Comendador Ant\u00f4nio Stocco e o caso veio \u00e0 tona, por meio de denuncia pelo 153.<\/div>\n<\/div>\n<div class=\"x11i5rnm xat24cr x1mh8g0r x1vvkbs xtlvy1s x126k92a\">\n<div dir=\"auto\">Os guardas autuaram o infrator e, o mesmo, teve que recolher o material e fazer o descarte de forma correta. Outras san\u00e7\u00f5es ser\u00e3o tomadas pela Patrulha Ambiental.<\/div>\n<\/div>\n<div class=\"x11i5rnm xat24cr x1mh8g0r x1vvkbs xtlvy1s x126k92a\">\n<div dir=\"auto\">Fique atento: fa\u00e7a o descarte correto do lixo e n\u00e3o deixe que ocorram preju\u00edzos a voc\u00ea e \u00e0 natureza.<\/div>\n<\/div>\n<div class=\"x11i5rnm xat24cr x1mh8g0r x1vvkbs xtlvy1s x126k92a\">\n<div dir=\"auto\">Denuncie: 153.<\/p>\n<p>05\/06\/2023<\/p><\/div>\n<\/div>\n","protected":false},"excerpt":{"rendered":"<p>For\u00e7a-tarefa! A SAEC e a GCM (Guarda Civil Municipal) est\u00e3o unidas para combater o descarte irregular de materiais inserv\u00edveis. Neste domingo, dia 4, os guardas municipais flagraram novo descarte irregular de lixo. Desta vez, o crime ambiental foi executado no canteiro central da avenida Comendador Ant\u00f4nio Stocco e o caso veio \u00e0 tona, por meio [&hellip;]<\/p>\n","protected":false},"author":12,"featured_media":6887,"comment_status":"closed","ping_status":"closed","sticky":false,"template":"","format":"standard","meta":{"footnotes":""},"categories":[41,43],"tags":[],"yoast_head":"<!-- This site is optimized with the Yoast SEO plugin v15.3 - https:\/\/yoast.com\/wordpress\/plugins\/seo\/ -->\n<title>DESCARTE IRREGULAR DE LIXO - SAEC Superintendencia de Agua e Esgoto de Catanduva<\/title>\n<meta name=\"robots\" content=\"index, follow, max-snippet:-1, max-image-preview:large, max-video-preview:-1\" \/>\n<link rel=\"canonical\" href=\"https:\/\/saec.sp.gov.br\/index.php\/2023\/06\/05\/descarte-irregular-de-lixo-2\/\" \/>\n<meta property=\"og:locale\" content=\"pt_BR\" \/>\n<meta property=\"og:type\" content=\"article\" \/>\n<meta property=\"og:title\" content=\"DESCARTE IRREGULAR DE LIXO - SAEC Superintendencia de Agua e Esgoto de Catanduva\" \/>\n<meta property=\"og:description\" content=\"For\u00e7a-tarefa! A SAEC e a GCM (Guarda Civil Municipal) est\u00e3o unidas para combater o descarte irregular de materiais inserv\u00edveis. Neste domingo, dia 4, os guardas municipais flagraram novo descarte irregular de lixo. Desta vez, o crime ambiental foi executado no canteiro central da avenida Comendador Ant\u00f4nio Stocco e o caso veio \u00e0 tona, por meio [&hellip;]\" \/>\n<meta property=\"og:url\" content=\"https:\/\/saec.sp.gov.br\/index.php\/2023\/06\/05\/descarte-irregular-de-lixo-2\/\" \/>\n<meta property=\"og:site_name\" content=\"SAEC Superintendencia de Agua e Esgoto de Catanduva\" \/>\n<meta property=\"article:published_time\" content=\"2023-06-05T20:07:11+00:00\" \/>\n<meta property=\"og:image\" content=\"https:\/\/saec.sp.gov.br\/wp-content\/uploads\/2023\/06\/descarte-irrregular.jpg\" \/>\n\t<meta property=\"og:image:width\" content=\"1280\" \/>\n\t<meta property=\"og:image:height\" content=\"960\" \/>\n<meta name=\"twitter:card\" content=\"summary\" \/>\n<meta name=\"twitter:label1\" content=\"Written by\">\n\t<meta name=\"twitter:data1\" content=\"Karla Sibro\">\n\t<meta name=\"twitter:label2\" content=\"Est. reading time\">\n\t<meta name=\"twitter:data2\" content=\"0 minuto\">\n<script type=\"application\/ld+json\" class=\"yoast-schema-graph\">{\"@context\":\"https:\/\/schema.org\",\"@graph\":[{\"@type\":\"WebSite\",\"@id\":\"https:\/\/saec.sp.gov.br\/#website\",\"url\":\"https:\/\/saec.sp.gov.br\/\",\"name\":\"SAEC Superintendencia de Agua e Esgoto de Catanduva\",\"description\":\"SAEC\",\"potentialAction\":[{\"@type\":\"SearchAction\",\"target\":\"https:\/\/saec.sp.gov.br\/?s={search_term_string}\",\"query-input\":\"required name=search_term_string\"}],\"inLanguage\":\"pt-BR\"},{\"@type\":\"ImageObject\",\"@id\":\"https:\/\/saec.sp.gov.br\/index.php\/2023\/06\/05\/descarte-irregular-de-lixo-2\/#primaryimage\",\"inLanguage\":\"pt-BR\",\"url\":\"https:\/\/saec.sp.gov.br\/wp-content\/uploads\/2023\/06\/descarte-irrregular.jpg\",\"width\":1280,\"height\":960},{\"@type\":\"WebPage\",\"@id\":\"https:\/\/saec.sp.gov.br\/index.php\/2023\/06\/05\/descarte-irregular-de-lixo-2\/#webpage\",\"url\":\"https:\/\/saec.sp.gov.br\/index.php\/2023\/06\/05\/descarte-irregular-de-lixo-2\/\",\"name\":\"DESCARTE IRREGULAR DE LIXO - SAEC Superintendencia de Agua e Esgoto de Catanduva\",\"isPartOf\":{\"@id\":\"https:\/\/saec.sp.gov.br\/#website\"},\"primaryImageOfPage\":{\"@id\":\"https:\/\/saec.sp.gov.br\/index.php\/2023\/06\/05\/descarte-irregular-de-lixo-2\/#primaryimage\"},\"datePublished\":\"2023-06-05T20:07:11+00:00\",\"dateModified\":\"2023-06-05T20:07:11+00:00\",\"author\":{\"@id\":\"https:\/\/saec.sp.gov.br\/#\/schema\/person\/0adeb299f513c0b2fcb1812012e43dea\"},\"inLanguage\":\"pt-BR\",\"potentialAction\":[{\"@type\":\"ReadAction\",\"target\":[\"https:\/\/saec.sp.gov.br\/index.php\/2023\/06\/05\/descarte-irregular-de-lixo-2\/\"]}]},{\"@type\":\"Person\",\"@id\":\"https:\/\/saec.sp.gov.br\/#\/schema\/person\/0adeb299f513c0b2fcb1812012e43dea\",\"name\":\"Karla Sibro\"}]}<\/script>\n<!-- \/ Yoast SEO plugin. -->","amp_validity":null,"amp_enabled":true,"_links":{"self":[{"href":"https:\/\/saec.sp.gov.br\/index.php\/wp-json\/wp\/v2\/posts\/6886"}],"collection":[{"href":"https:\/\/saec.sp.gov.br\/index.php\/wp-json\/wp\/v2\/posts"}],"about":[{"href":"https:\/\/saec.sp.gov.br\/index.php\/wp-json\/wp\/v2\/types\/post"}],"author":[{"embeddable":true,"href":"https:\/\/saec.sp.gov.br\/index.php\/wp-json\/wp\/v2\/users\/12"}],"replies":[{"embeddable":true,"href":"https:\/\/saec.sp.gov.br\/index.php\/wp-json\/wp\/v2\/comments?post=6886"}],"version-history":[{"count":1,"href":"https:\/\/saec.sp.gov.br\/index.php\/wp-json\/wp\/v2\/posts\/6886\/revisions"}],"predecessor-version":[{"id":6888,"href":"https:\/\/saec.sp.gov.br\/index.php\/wp-json\/wp\/v2\/posts\/6886\/revisions\/6888"}],"wp:featuredmedia":[{"embeddable":true,"href":"https:\/\/saec.sp.gov.br\/index.php\/wp-json\/wp\/v2\/media\/6887"}],"wp:attachment":[{"href":"https:\/\/saec.sp.gov.br\/index.php\/wp-json\/wp\/v2\/media?parent=6886"}],"wp:term":[{"taxonomy":"category","embeddable":true,"href":"https:\/\/saec.sp.gov.br\/index.php\/wp-json\/wp\/v2\/categories?post=6886"},{"taxonomy":"post_tag","embeddable":true,"href":"https:\/\/saec.sp.gov.br\/index.php\/wp-json\/wp\/v2\/tags?post=6886"}],"curies":[{"name":"wp","href":"https:\/\/api.w.org\/{rel}","templated":true}]}}