{"id":6975,"date":"2023-06-20T10:19:59","date_gmt":"2023-06-20T13:19:59","guid":{"rendered":"http:\/\/saec.sp.gov.br\/?p=6975"},"modified":"2023-06-20T10:24:40","modified_gmt":"2023-06-20T13:24:40","slug":"interdicoes-de-ruas-nesta-terca-feira","status":"publish","type":"post","link":"https:\/\/saec.sp.gov.br\/index.php\/2023\/06\/20\/interdicoes-de-ruas-nesta-terca-feira\/","title":{"rendered":"INTERDI\u00c7\u00d5ES DE RUAS NESTA TER\u00c7A-FEIRA"},"content":{"rendered":"<div class=\"xdj266r x11i5rnm xat24cr x1mh8g0r x1vvkbs x126k92a\">\n<div dir=\"auto\">A SAEC informa sobre interdi\u00e7\u00f5es de tr\u00e2nsito que ser\u00e3o executadas nesta ter\u00e7a-feira, dia 20, nos seguintes locais:<\/div>\n<\/div>\n<div class=\"x11i5rnm xat24cr x1mh8g0r x1vvkbs xtlvy1s x126k92a\">\n<div dir=\"auto\">7h \u00e0s 10 horas &#8211; rua 7 de Fevereiro entre as ruas Minas Gerais e Cuiab\u00e1;<\/div>\n<\/div>\n<div class=\"x11i5rnm xat24cr x1mh8g0r x1vvkbs xtlvy1s x126k92a\">\n<div dir=\"auto\">10h \u00e0s 13 horas &#8211; avenida Benedito Zancaner entre a rua Condor e avenida Dona Engr\u00e1cia.<\/div>\n<\/div>\n<div class=\"x11i5rnm xat24cr x1mh8g0r x1vvkbs xtlvy1s x126k92a\">\n<div dir=\"auto\">Na ocasi\u00e3o, ser\u00e3o executadas liga\u00e7\u00f5es de ramais de ramais de \u00e1gua e esgoto.<\/div>\n<\/div>\n<div class=\"x11i5rnm xat24cr x1mh8g0r x1vvkbs xtlvy1s x126k92a\">\n<div dir=\"auto\">A SAEC orienta os motoristas a procurarem por outras rotas alternativas durante os trabalhos.<\/div>\n<div dir=\"auto\"><\/div>\n<\/div>\n<div dir=\"auto\">20\/06<\/div>\n","protected":false},"excerpt":{"rendered":"<p>A SAEC informa sobre interdi\u00e7\u00f5es de tr\u00e2nsito que ser\u00e3o executadas nesta ter\u00e7a-feira, dia 20, nos seguintes locais: 7h \u00e0s 10 horas &#8211; rua 7 de Fevereiro entre as ruas Minas Gerais e Cuiab\u00e1; 10h \u00e0s 13 horas &#8211; avenida Benedito Zancaner entre a rua Condor e avenida Dona Engr\u00e1cia. Na ocasi\u00e3o, ser\u00e3o executadas liga\u00e7\u00f5es de [&hellip;]<\/p>\n","protected":false},"author":12,"featured_media":6550,"comment_status":"closed","ping_status":"closed","sticky":false,"template":"","format":"standard","meta":{"footnotes":""},"categories":[49,41,43],"tags":[],"yoast_head":"<!-- This site is optimized with the Yoast SEO plugin v15.3 - https:\/\/yoast.com\/wordpress\/plugins\/seo\/ -->\n<title>INTERDI\u00c7\u00d5ES DE RUAS NESTA TER\u00c7A-FEIRA - SAEC Superintendencia de Agua e Esgoto de Catanduva<\/title>\n<meta name=\"robots\" content=\"index, follow, max-snippet:-1, max-image-preview:large, max-video-preview:-1\" \/>\n<link rel=\"canonical\" href=\"https:\/\/saec.sp.gov.br\/index.php\/2023\/06\/20\/interdicoes-de-ruas-nesta-terca-feira\/\" \/>\n<meta property=\"og:locale\" content=\"pt_BR\" \/>\n<meta property=\"og:type\" content=\"article\" \/>\n<meta property=\"og:title\" content=\"INTERDI\u00c7\u00d5ES DE RUAS NESTA TER\u00c7A-FEIRA - SAEC Superintendencia de Agua e Esgoto de Catanduva\" \/>\n<meta property=\"og:description\" content=\"A SAEC informa sobre interdi\u00e7\u00f5es de tr\u00e2nsito que ser\u00e3o executadas nesta ter\u00e7a-feira, dia 20, nos seguintes locais: 7h \u00e0s 10 horas &#8211; rua 7 de Fevereiro entre as ruas Minas Gerais e Cuiab\u00e1; 10h \u00e0s 13 horas &#8211; avenida Benedito Zancaner entre a rua Condor e avenida Dona Engr\u00e1cia. Na ocasi\u00e3o, ser\u00e3o executadas liga\u00e7\u00f5es de [&hellip;]\" \/>\n<meta property=\"og:url\" content=\"https:\/\/saec.sp.gov.br\/index.php\/2023\/06\/20\/interdicoes-de-ruas-nesta-terca-feira\/\" \/>\n<meta property=\"og:site_name\" content=\"SAEC Superintendencia de Agua e Esgoto de Catanduva\" \/>\n<meta property=\"article:published_time\" content=\"2023-06-20T13:19:59+00:00\" \/>\n<meta property=\"article:modified_time\" content=\"2023-06-20T13:24:40+00:00\" \/>\n<meta property=\"og:image\" content=\"https:\/\/saec.sp.gov.br\/wp-content\/uploads\/2023\/04\/interdicao.jpg\" \/>\n\t<meta property=\"og:image:width\" content=\"526\" \/>\n\t<meta property=\"og:image:height\" content=\"526\" \/>\n<meta name=\"twitter:card\" content=\"summary\" \/>\n<meta name=\"twitter:label1\" content=\"Written by\">\n\t<meta name=\"twitter:data1\" content=\"Karla Sibro\">\n\t<meta name=\"twitter:label2\" content=\"Est. reading time\">\n\t<meta name=\"twitter:data2\" content=\"0 minuto\">\n<script type=\"application\/ld+json\" class=\"yoast-schema-graph\">{\"@context\":\"https:\/\/schema.org\",\"@graph\":[{\"@type\":\"WebSite\",\"@id\":\"https:\/\/saec.sp.gov.br\/#website\",\"url\":\"https:\/\/saec.sp.gov.br\/\",\"name\":\"SAEC Superintendencia de Agua e Esgoto de Catanduva\",\"description\":\"SAEC\",\"potentialAction\":[{\"@type\":\"SearchAction\",\"target\":\"https:\/\/saec.sp.gov.br\/?s={search_term_string}\",\"query-input\":\"required name=search_term_string\"}],\"inLanguage\":\"pt-BR\"},{\"@type\":\"ImageObject\",\"@id\":\"https:\/\/saec.sp.gov.br\/index.php\/2023\/06\/20\/interdicoes-de-ruas-nesta-terca-feira\/#primaryimage\",\"inLanguage\":\"pt-BR\",\"url\":\"https:\/\/saec.sp.gov.br\/wp-content\/uploads\/2023\/04\/interdicao.jpg\",\"width\":526,\"height\":526},{\"@type\":\"WebPage\",\"@id\":\"https:\/\/saec.sp.gov.br\/index.php\/2023\/06\/20\/interdicoes-de-ruas-nesta-terca-feira\/#webpage\",\"url\":\"https:\/\/saec.sp.gov.br\/index.php\/2023\/06\/20\/interdicoes-de-ruas-nesta-terca-feira\/\",\"name\":\"INTERDI\\u00c7\\u00d5ES DE RUAS NESTA TER\\u00c7A-FEIRA - SAEC Superintendencia de Agua e Esgoto de Catanduva\",\"isPartOf\":{\"@id\":\"https:\/\/saec.sp.gov.br\/#website\"},\"primaryImageOfPage\":{\"@id\":\"https:\/\/saec.sp.gov.br\/index.php\/2023\/06\/20\/interdicoes-de-ruas-nesta-terca-feira\/#primaryimage\"},\"datePublished\":\"2023-06-20T13:19:59+00:00\",\"dateModified\":\"2023-06-20T13:24:40+00:00\",\"author\":{\"@id\":\"https:\/\/saec.sp.gov.br\/#\/schema\/person\/0adeb299f513c0b2fcb1812012e43dea\"},\"inLanguage\":\"pt-BR\",\"potentialAction\":[{\"@type\":\"ReadAction\",\"target\":[\"https:\/\/saec.sp.gov.br\/index.php\/2023\/06\/20\/interdicoes-de-ruas-nesta-terca-feira\/\"]}]},{\"@type\":\"Person\",\"@id\":\"https:\/\/saec.sp.gov.br\/#\/schema\/person\/0adeb299f513c0b2fcb1812012e43dea\",\"name\":\"Karla Sibro\"}]}<\/script>\n<!-- \/ Yoast SEO plugin. -->","amp_validity":null,"amp_enabled":true,"_links":{"self":[{"href":"https:\/\/saec.sp.gov.br\/index.php\/wp-json\/wp\/v2\/posts\/6975"}],"collection":[{"href":"https:\/\/saec.sp.gov.br\/index.php\/wp-json\/wp\/v2\/posts"}],"about":[{"href":"https:\/\/saec.sp.gov.br\/index.php\/wp-json\/wp\/v2\/types\/post"}],"author":[{"embeddable":true,"href":"https:\/\/saec.sp.gov.br\/index.php\/wp-json\/wp\/v2\/users\/12"}],"replies":[{"embeddable":true,"href":"https:\/\/saec.sp.gov.br\/index.php\/wp-json\/wp\/v2\/comments?post=6975"}],"version-history":[{"count":2,"href":"https:\/\/saec.sp.gov.br\/index.php\/wp-json\/wp\/v2\/posts\/6975\/revisions"}],"predecessor-version":[{"id":6977,"href":"https:\/\/saec.sp.gov.br\/index.php\/wp-json\/wp\/v2\/posts\/6975\/revisions\/6977"}],"wp:featuredmedia":[{"embeddable":true,"href":"https:\/\/saec.sp.gov.br\/index.php\/wp-json\/wp\/v2\/media\/6550"}],"wp:attachment":[{"href":"https:\/\/saec.sp.gov.br\/index.php\/wp-json\/wp\/v2\/media?parent=6975"}],"wp:term":[{"taxonomy":"category","embeddable":true,"href":"https:\/\/saec.sp.gov.br\/index.php\/wp-json\/wp\/v2\/categories?post=6975"},{"taxonomy":"post_tag","embeddable":true,"href":"https:\/\/saec.sp.gov.br\/index.php\/wp-json\/wp\/v2\/tags?post=6975"}],"curies":[{"name":"wp","href":"https:\/\/api.w.org\/{rel}","templated":true}]}}