{"id":6983,"date":"2023-06-22T13:25:39","date_gmt":"2023-06-22T16:25:39","guid":{"rendered":"http:\/\/saec.sp.gov.br\/?p=6983"},"modified":"2023-06-22T13:25:39","modified_gmt":"2023-06-22T16:25:39","slug":"interrupcao-no-fornecimento-de-agua-18","status":"publish","type":"post","link":"https:\/\/saec.sp.gov.br\/index.php\/2023\/06\/22\/interrupcao-no-fornecimento-de-agua-18\/","title":{"rendered":"INTERRUP\u00c7\u00c3O NO FORNECIMENTO DE \u00c1GUA"},"content":{"rendered":"<div class=\"xdj266r x11i5rnm xat24cr x1mh8g0r x1vvkbs x126k92a\">\n<div dir=\"auto\">Aten\u00e7\u00e3o, moradores! A SAEC informa que haver\u00e1 interrup\u00e7\u00e3o no fornecimento de \u00e1gua no Jardim Shangri-l\u00e1 nesta quinta-feira, dia 22.<\/div>\n<\/div>\n<div class=\"x11i5rnm xat24cr x1mh8g0r x1vvkbs xtlvy1s x126k92a\">\n<div dir=\"auto\">Equipe executa rebaixamento na rede \u00e1gua na rua Alegrete. A previs\u00e3o \u00e9 de que o servi\u00e7o seja conclu\u00eddo at\u00e9 \u00e0s 15 horas. As melhorias visam mais infraestrutura no local. Em breve, a Prefeitura de Catanduva far\u00e1 a pavimenta\u00e7\u00e3o no bairro.<\/div>\n<\/div>\n<div class=\"x11i5rnm xat24cr x1mh8g0r x1vvkbs xtlvy1s x126k92a\">\n<div dir=\"auto\">A Superintend\u00eancia pede que os moradores economizem \u00e1gua para que n\u00e3o ocorra desabastecimento.<\/div>\n<div dir=\"auto\"><\/div>\n<\/div>\n<div dir=\"auto\">22-06<\/div>\n<div class=\"x11i5rnm xat24cr x1mh8g0r x1vvkbs xtlvy1s x126k92a\">\n<div dir=\"auto\"><\/div>\n<\/div>\n","protected":false},"excerpt":{"rendered":"<p>Aten\u00e7\u00e3o, moradores! A SAEC informa que haver\u00e1 interrup\u00e7\u00e3o no fornecimento de \u00e1gua no Jardim Shangri-l\u00e1 nesta quinta-feira, dia 22. Equipe executa rebaixamento na rede \u00e1gua na rua Alegrete. A previs\u00e3o \u00e9 de que o servi\u00e7o seja conclu\u00eddo at\u00e9 \u00e0s 15 horas. As melhorias visam mais infraestrutura no local. Em breve, a Prefeitura de Catanduva far\u00e1 [&hellip;]<\/p>\n","protected":false},"author":12,"featured_media":6984,"comment_status":"closed","ping_status":"closed","sticky":false,"template":"","format":"standard","meta":{"footnotes":""},"categories":[49,41,43],"tags":[],"yoast_head":"<!-- This site is optimized with the Yoast SEO plugin v15.3 - https:\/\/yoast.com\/wordpress\/plugins\/seo\/ -->\n<title>INTERRUP\u00c7\u00c3O NO FORNECIMENTO DE \u00c1GUA - SAEC Superintendencia de Agua e Esgoto de Catanduva<\/title>\n<meta name=\"robots\" content=\"index, follow, max-snippet:-1, max-image-preview:large, max-video-preview:-1\" \/>\n<link rel=\"canonical\" href=\"https:\/\/saec.sp.gov.br\/index.php\/2023\/06\/22\/interrupcao-no-fornecimento-de-agua-18\/\" \/>\n<meta property=\"og:locale\" content=\"pt_BR\" \/>\n<meta property=\"og:type\" content=\"article\" \/>\n<meta property=\"og:title\" content=\"INTERRUP\u00c7\u00c3O NO FORNECIMENTO DE \u00c1GUA - SAEC Superintendencia de Agua e Esgoto de Catanduva\" \/>\n<meta property=\"og:description\" content=\"Aten\u00e7\u00e3o, moradores! A SAEC informa que haver\u00e1 interrup\u00e7\u00e3o no fornecimento de \u00e1gua no Jardim Shangri-l\u00e1 nesta quinta-feira, dia 22. Equipe executa rebaixamento na rede \u00e1gua na rua Alegrete. A previs\u00e3o \u00e9 de que o servi\u00e7o seja conclu\u00eddo at\u00e9 \u00e0s 15 horas. As melhorias visam mais infraestrutura no local. Em breve, a Prefeitura de Catanduva far\u00e1 [&hellip;]\" \/>\n<meta property=\"og:url\" content=\"https:\/\/saec.sp.gov.br\/index.php\/2023\/06\/22\/interrupcao-no-fornecimento-de-agua-18\/\" \/>\n<meta property=\"og:site_name\" content=\"SAEC Superintendencia de Agua e Esgoto de Catanduva\" \/>\n<meta property=\"article:published_time\" content=\"2023-06-22T16:25:39+00:00\" \/>\n<meta property=\"og:image\" content=\"https:\/\/saec.sp.gov.br\/wp-content\/uploads\/2023\/06\/fa.jpg\" \/>\n\t<meta property=\"og:image:width\" content=\"1536\" \/>\n\t<meta property=\"og:image:height\" content=\"2048\" \/>\n<meta name=\"twitter:card\" content=\"summary\" \/>\n<meta name=\"twitter:label1\" content=\"Written by\">\n\t<meta name=\"twitter:data1\" content=\"Karla Sibro\">\n\t<meta name=\"twitter:label2\" content=\"Est. reading time\">\n\t<meta name=\"twitter:data2\" content=\"0 minuto\">\n<script type=\"application\/ld+json\" class=\"yoast-schema-graph\">{\"@context\":\"https:\/\/schema.org\",\"@graph\":[{\"@type\":\"WebSite\",\"@id\":\"https:\/\/saec.sp.gov.br\/#website\",\"url\":\"https:\/\/saec.sp.gov.br\/\",\"name\":\"SAEC Superintendencia de Agua e Esgoto de Catanduva\",\"description\":\"SAEC\",\"potentialAction\":[{\"@type\":\"SearchAction\",\"target\":\"https:\/\/saec.sp.gov.br\/?s={search_term_string}\",\"query-input\":\"required name=search_term_string\"}],\"inLanguage\":\"pt-BR\"},{\"@type\":\"ImageObject\",\"@id\":\"https:\/\/saec.sp.gov.br\/index.php\/2023\/06\/22\/interrupcao-no-fornecimento-de-agua-18\/#primaryimage\",\"inLanguage\":\"pt-BR\",\"url\":\"https:\/\/saec.sp.gov.br\/wp-content\/uploads\/2023\/06\/fa.jpg\",\"width\":1536,\"height\":2048},{\"@type\":\"WebPage\",\"@id\":\"https:\/\/saec.sp.gov.br\/index.php\/2023\/06\/22\/interrupcao-no-fornecimento-de-agua-18\/#webpage\",\"url\":\"https:\/\/saec.sp.gov.br\/index.php\/2023\/06\/22\/interrupcao-no-fornecimento-de-agua-18\/\",\"name\":\"INTERRUP\\u00c7\\u00c3O NO FORNECIMENTO DE \\u00c1GUA - SAEC Superintendencia de Agua e Esgoto de Catanduva\",\"isPartOf\":{\"@id\":\"https:\/\/saec.sp.gov.br\/#website\"},\"primaryImageOfPage\":{\"@id\":\"https:\/\/saec.sp.gov.br\/index.php\/2023\/06\/22\/interrupcao-no-fornecimento-de-agua-18\/#primaryimage\"},\"datePublished\":\"2023-06-22T16:25:39+00:00\",\"dateModified\":\"2023-06-22T16:25:39+00:00\",\"author\":{\"@id\":\"https:\/\/saec.sp.gov.br\/#\/schema\/person\/0adeb299f513c0b2fcb1812012e43dea\"},\"inLanguage\":\"pt-BR\",\"potentialAction\":[{\"@type\":\"ReadAction\",\"target\":[\"https:\/\/saec.sp.gov.br\/index.php\/2023\/06\/22\/interrupcao-no-fornecimento-de-agua-18\/\"]}]},{\"@type\":\"Person\",\"@id\":\"https:\/\/saec.sp.gov.br\/#\/schema\/person\/0adeb299f513c0b2fcb1812012e43dea\",\"name\":\"Karla Sibro\"}]}<\/script>\n<!-- \/ Yoast SEO plugin. -->","amp_validity":null,"amp_enabled":true,"_links":{"self":[{"href":"https:\/\/saec.sp.gov.br\/index.php\/wp-json\/wp\/v2\/posts\/6983"}],"collection":[{"href":"https:\/\/saec.sp.gov.br\/index.php\/wp-json\/wp\/v2\/posts"}],"about":[{"href":"https:\/\/saec.sp.gov.br\/index.php\/wp-json\/wp\/v2\/types\/post"}],"author":[{"embeddable":true,"href":"https:\/\/saec.sp.gov.br\/index.php\/wp-json\/wp\/v2\/users\/12"}],"replies":[{"embeddable":true,"href":"https:\/\/saec.sp.gov.br\/index.php\/wp-json\/wp\/v2\/comments?post=6983"}],"version-history":[{"count":1,"href":"https:\/\/saec.sp.gov.br\/index.php\/wp-json\/wp\/v2\/posts\/6983\/revisions"}],"predecessor-version":[{"id":6985,"href":"https:\/\/saec.sp.gov.br\/index.php\/wp-json\/wp\/v2\/posts\/6983\/revisions\/6985"}],"wp:featuredmedia":[{"embeddable":true,"href":"https:\/\/saec.sp.gov.br\/index.php\/wp-json\/wp\/v2\/media\/6984"}],"wp:attachment":[{"href":"https:\/\/saec.sp.gov.br\/index.php\/wp-json\/wp\/v2\/media?parent=6983"}],"wp:term":[{"taxonomy":"category","embeddable":true,"href":"https:\/\/saec.sp.gov.br\/index.php\/wp-json\/wp\/v2\/categories?post=6983"},{"taxonomy":"post_tag","embeddable":true,"href":"https:\/\/saec.sp.gov.br\/index.php\/wp-json\/wp\/v2\/tags?post=6983"}],"curies":[{"name":"wp","href":"https:\/\/api.w.org\/{rel}","templated":true}]}}