{"id":6995,"date":"2023-06-28T10:10:39","date_gmt":"2023-06-28T13:10:39","guid":{"rendered":"http:\/\/saec.sp.gov.br\/?p=6995"},"modified":"2023-06-28T10:10:39","modified_gmt":"2023-06-28T13:10:39","slug":"interdicao-da-rua-ribeirao-preto-2","status":"publish","type":"post","link":"https:\/\/saec.sp.gov.br\/index.php\/2023\/06\/28\/interdicao-da-rua-ribeirao-preto-2\/","title":{"rendered":"INTERDI\u00c7\u00c3O DA RUA RIBEIR\u00c3O PRETO"},"content":{"rendered":"<p>A SAEC informa que a rua Ribeir\u00e3o Preto entre as ruas Alagoas e Sergipe ser\u00e1 interditada nesta quarta-feira, dia 28, a partir das 7h. Na ocasi\u00e3o, ser\u00e1 executada a substitui\u00e7\u00e3o de rede e ramais de \u00e1gua. Os servi\u00e7os tiveram in\u00edcio nesta ter\u00e7a e continuaram ao longo do dia, desta quarta.<\/p>\n<p>O trecho ser\u00e1 liberado para o tr\u00e2nsito de ve\u00edculos t\u00e3o logo os servi\u00e7os sejam finalizados, por volta das 17h.<\/p>\n<p>A SAEC orienta os motoristas a procurarem por rotas alternativas durante os trabalhos.<\/p>\n<p>28-06<\/p>\n","protected":false},"excerpt":{"rendered":"<p>A SAEC informa que a rua Ribeir\u00e3o Preto entre as ruas Alagoas e Sergipe ser\u00e1 interditada nesta quarta-feira, dia 28, a partir das 7h. Na ocasi\u00e3o, ser\u00e1 executada a substitui\u00e7\u00e3o de rede e ramais de \u00e1gua. Os servi\u00e7os tiveram in\u00edcio nesta ter\u00e7a e continuaram ao longo do dia, desta quarta. O trecho ser\u00e1 liberado para [&hellip;]<\/p>\n","protected":false},"author":12,"featured_media":6996,"comment_status":"closed","ping_status":"closed","sticky":false,"template":"","format":"standard","meta":{"footnotes":""},"categories":[49,41,43],"tags":[],"yoast_head":"<!-- This site is optimized with the Yoast SEO plugin v15.3 - https:\/\/yoast.com\/wordpress\/plugins\/seo\/ -->\n<title>INTERDI\u00c7\u00c3O DA RUA RIBEIR\u00c3O PRETO - SAEC Superintendencia de Agua e Esgoto de Catanduva<\/title>\n<meta name=\"robots\" content=\"index, follow, max-snippet:-1, max-image-preview:large, max-video-preview:-1\" \/>\n<link rel=\"canonical\" href=\"https:\/\/saec.sp.gov.br\/index.php\/2023\/06\/28\/interdicao-da-rua-ribeirao-preto-2\/\" \/>\n<meta property=\"og:locale\" content=\"pt_BR\" \/>\n<meta property=\"og:type\" content=\"article\" \/>\n<meta property=\"og:title\" content=\"INTERDI\u00c7\u00c3O DA RUA RIBEIR\u00c3O PRETO - SAEC Superintendencia de Agua e Esgoto de Catanduva\" \/>\n<meta property=\"og:description\" content=\"A SAEC informa que a rua Ribeir\u00e3o Preto entre as ruas Alagoas e Sergipe ser\u00e1 interditada nesta quarta-feira, dia 28, a partir das 7h. Na ocasi\u00e3o, ser\u00e1 executada a substitui\u00e7\u00e3o de rede e ramais de \u00e1gua. Os servi\u00e7os tiveram in\u00edcio nesta ter\u00e7a e continuaram ao longo do dia, desta quarta. O trecho ser\u00e1 liberado para [&hellip;]\" \/>\n<meta property=\"og:url\" content=\"https:\/\/saec.sp.gov.br\/index.php\/2023\/06\/28\/interdicao-da-rua-ribeirao-preto-2\/\" \/>\n<meta property=\"og:site_name\" content=\"SAEC Superintendencia de Agua e Esgoto de Catanduva\" \/>\n<meta property=\"article:published_time\" content=\"2023-06-28T13:10:39+00:00\" \/>\n<meta property=\"og:image\" content=\"https:\/\/saec.sp.gov.br\/wp-content\/uploads\/2023\/06\/356907344_656402979846789_3235042884578863907_n.jpg\" \/>\n\t<meta property=\"og:image:width\" content=\"1600\" \/>\n\t<meta property=\"og:image:height\" content=\"982\" \/>\n<meta name=\"twitter:card\" content=\"summary\" \/>\n<meta name=\"twitter:label1\" content=\"Written by\">\n\t<meta name=\"twitter:data1\" content=\"Karla Sibro\">\n\t<meta name=\"twitter:label2\" content=\"Est. reading time\">\n\t<meta name=\"twitter:data2\" content=\"0 minuto\">\n<script type=\"application\/ld+json\" class=\"yoast-schema-graph\">{\"@context\":\"https:\/\/schema.org\",\"@graph\":[{\"@type\":\"WebSite\",\"@id\":\"https:\/\/saec.sp.gov.br\/#website\",\"url\":\"https:\/\/saec.sp.gov.br\/\",\"name\":\"SAEC Superintendencia de Agua e Esgoto de Catanduva\",\"description\":\"SAEC\",\"potentialAction\":[{\"@type\":\"SearchAction\",\"target\":\"https:\/\/saec.sp.gov.br\/?s={search_term_string}\",\"query-input\":\"required name=search_term_string\"}],\"inLanguage\":\"pt-BR\"},{\"@type\":\"ImageObject\",\"@id\":\"https:\/\/saec.sp.gov.br\/index.php\/2023\/06\/28\/interdicao-da-rua-ribeirao-preto-2\/#primaryimage\",\"inLanguage\":\"pt-BR\",\"url\":\"https:\/\/saec.sp.gov.br\/wp-content\/uploads\/2023\/06\/356907344_656402979846789_3235042884578863907_n.jpg\",\"width\":1600,\"height\":982},{\"@type\":\"WebPage\",\"@id\":\"https:\/\/saec.sp.gov.br\/index.php\/2023\/06\/28\/interdicao-da-rua-ribeirao-preto-2\/#webpage\",\"url\":\"https:\/\/saec.sp.gov.br\/index.php\/2023\/06\/28\/interdicao-da-rua-ribeirao-preto-2\/\",\"name\":\"INTERDI\\u00c7\\u00c3O DA RUA RIBEIR\\u00c3O PRETO - SAEC Superintendencia de Agua e Esgoto de Catanduva\",\"isPartOf\":{\"@id\":\"https:\/\/saec.sp.gov.br\/#website\"},\"primaryImageOfPage\":{\"@id\":\"https:\/\/saec.sp.gov.br\/index.php\/2023\/06\/28\/interdicao-da-rua-ribeirao-preto-2\/#primaryimage\"},\"datePublished\":\"2023-06-28T13:10:39+00:00\",\"dateModified\":\"2023-06-28T13:10:39+00:00\",\"author\":{\"@id\":\"https:\/\/saec.sp.gov.br\/#\/schema\/person\/0adeb299f513c0b2fcb1812012e43dea\"},\"inLanguage\":\"pt-BR\",\"potentialAction\":[{\"@type\":\"ReadAction\",\"target\":[\"https:\/\/saec.sp.gov.br\/index.php\/2023\/06\/28\/interdicao-da-rua-ribeirao-preto-2\/\"]}]},{\"@type\":\"Person\",\"@id\":\"https:\/\/saec.sp.gov.br\/#\/schema\/person\/0adeb299f513c0b2fcb1812012e43dea\",\"name\":\"Karla Sibro\"}]}<\/script>\n<!-- \/ Yoast SEO plugin. -->","amp_validity":null,"amp_enabled":true,"_links":{"self":[{"href":"https:\/\/saec.sp.gov.br\/index.php\/wp-json\/wp\/v2\/posts\/6995"}],"collection":[{"href":"https:\/\/saec.sp.gov.br\/index.php\/wp-json\/wp\/v2\/posts"}],"about":[{"href":"https:\/\/saec.sp.gov.br\/index.php\/wp-json\/wp\/v2\/types\/post"}],"author":[{"embeddable":true,"href":"https:\/\/saec.sp.gov.br\/index.php\/wp-json\/wp\/v2\/users\/12"}],"replies":[{"embeddable":true,"href":"https:\/\/saec.sp.gov.br\/index.php\/wp-json\/wp\/v2\/comments?post=6995"}],"version-history":[{"count":1,"href":"https:\/\/saec.sp.gov.br\/index.php\/wp-json\/wp\/v2\/posts\/6995\/revisions"}],"predecessor-version":[{"id":6997,"href":"https:\/\/saec.sp.gov.br\/index.php\/wp-json\/wp\/v2\/posts\/6995\/revisions\/6997"}],"wp:featuredmedia":[{"embeddable":true,"href":"https:\/\/saec.sp.gov.br\/index.php\/wp-json\/wp\/v2\/media\/6996"}],"wp:attachment":[{"href":"https:\/\/saec.sp.gov.br\/index.php\/wp-json\/wp\/v2\/media?parent=6995"}],"wp:term":[{"taxonomy":"category","embeddable":true,"href":"https:\/\/saec.sp.gov.br\/index.php\/wp-json\/wp\/v2\/categories?post=6995"},{"taxonomy":"post_tag","embeddable":true,"href":"https:\/\/saec.sp.gov.br\/index.php\/wp-json\/wp\/v2\/tags?post=6995"}],"curies":[{"name":"wp","href":"https:\/\/api.w.org\/{rel}","templated":true}]}}