{"id":730,"date":"2017-02-20T22:00:45","date_gmt":"2017-02-20T22:00:45","guid":{"rendered":"http:\/\/saec.sp.gov.br\/?p=730"},"modified":"2020-11-23T15:08:24","modified_gmt":"2020-11-23T15:08:24","slug":"novo-poco-profundo-unidade-de-captacao-barro-preto-uc-5","status":"publish","type":"post","link":"https:\/\/saec.sp.gov.br\/index.php\/2017\/02\/20\/novo-poco-profundo-unidade-de-captacao-barro-preto-uc-5\/","title":{"rendered":"NOVO PO\u00c7O PROFUNDO &#8211; UNIDADE DE CAPTA\u00c7\u00c3O BARRO PRETO (UC-5)"},"content":{"rendered":"<p><em>O \u00a0po\u00e7o profundo est\u00e1 sendo constru\u00eddo na Av. Urani Marques de Souza esquina com a Rua Martin\u00f3polis.<\/em><\/p>\n<p><strong>\u00a0<\/strong><\/p>\n<p>A Prefeitura de Catanduva, atrav\u00e9s da Superintend\u00eancia de \u00c1gua e Esgoto, est\u00e1 realizando as obras para a perfura\u00e7\u00e3o do quinto po\u00e7o profundo que ir\u00e1 captar \u00e1gua do Aqu\u00edfero Guarani.<\/p>\n<p>&nbsp;<\/p>\n<p>O novo po\u00e7o profundo, situado na Unidade de Capta\u00e7\u00e3o Barro Preto, ter\u00e1 aproximadamente 850m de profundidade, ser\u00e1 capaz de extrair 350m\u00b3 \u00e1gua\/hora e abastecer diretamente mais de 20.000 pessoas.<\/p>\n<p>Inicialmente, cerca de R$ 2.000.000,00 est\u00e3o sendo investidos nas obras para a perfura\u00e7\u00e3o do po\u00e7o que vai beneficiar diretamente a popula\u00e7\u00e3o dos bairros: Vila Paulista, Jardim Ipanema, Parque Ipiranga, Jardim Primavera, Parque Flamingo, Conjunto Antonio Mastrocola, P\u00f3lo Industrial Giordano Mestrinelli, Distrito Industrial Antonio Z\u00e1ccaro, Gabriel Hernandes, Jardim Imperial, Jardim Alvorada, Jardim Shangri-l\u00e1, Distrito Industrial Antonio Boso, Residencial Esplanada, Conjunto Habitacional \u00c2ngelo Gavioli e Nova Catanduva.<\/p>\n<p>&nbsp;<\/p>\n<p>Al\u00e9m de todos esses bairros, atrav\u00e9s do sistema interligado da SAEC, o novo po\u00e7o poder\u00e1 recalcar \u00e1gua para a Unidade de Reserva\u00e7\u00e3o Santo Antonio e a partir de l\u00e1, enviar para qualquer ponto da cidade, evitando desabastecimento.<\/p>\n<p>&nbsp;<\/p>\n<p>&nbsp;<\/p>\n<p><strong>SISTEMA DE CAPTA\u00c7\u00c3O BARRO PRETO (UC-5)<\/strong><\/p>\n<p><strong>\u00a0<\/strong><\/p>\n<p>Al\u00e9m da perfura\u00e7\u00e3o do po\u00e7o profundo, o Sistema de Capta\u00e7\u00e3o Barro Preto contar\u00e1 com 2 reservat\u00f3rios de 1.000m\u00b3, redes adutoras para interliga\u00e7\u00e3o do sistema, automa\u00e7\u00e3o completa, casa de bombas e pain\u00e9is el\u00e9tricos.<\/p>\n","protected":false},"excerpt":{"rendered":"<p>O \u00a0po\u00e7o profundo est\u00e1 sendo constru\u00eddo na Av. Urani Marques de Souza esquina com a Rua Martin\u00f3polis. \u00a0 A Prefeitura de Catanduva, atrav\u00e9s da Superintend\u00eancia de \u00c1gua e Esgoto, est\u00e1 realizando as obras para a perfura\u00e7\u00e3o do quinto po\u00e7o profundo que ir\u00e1 captar \u00e1gua do Aqu\u00edfero Guarani. &nbsp; O novo po\u00e7o profundo, situado na Unidade [&hellip;]<\/p>\n","protected":false},"author":15,"featured_media":41,"comment_status":"closed","ping_status":"closed","sticky":false,"template":"","format":"standard","meta":{"footnotes":""},"categories":[41],"tags":[],"yoast_head":"<!-- This site is optimized with the Yoast SEO plugin v15.3 - https:\/\/yoast.com\/wordpress\/plugins\/seo\/ -->\n<title>NOVO PO\u00c7O PROFUNDO - UNIDADE DE CAPTA\u00c7\u00c3O BARRO PRETO (UC-5) - SAEC Superintendencia de Agua e Esgoto de Catanduva<\/title>\n<meta name=\"robots\" content=\"index, follow, max-snippet:-1, max-image-preview:large, max-video-preview:-1\" \/>\n<link rel=\"canonical\" href=\"https:\/\/saec.sp.gov.br\/index.php\/2017\/02\/20\/novo-poco-profundo-unidade-de-captacao-barro-preto-uc-5\/\" \/>\n<meta property=\"og:locale\" content=\"pt_BR\" \/>\n<meta property=\"og:type\" content=\"article\" \/>\n<meta property=\"og:title\" content=\"NOVO PO\u00c7O PROFUNDO - UNIDADE DE CAPTA\u00c7\u00c3O BARRO PRETO (UC-5) - SAEC Superintendencia de Agua e Esgoto de Catanduva\" \/>\n<meta property=\"og:description\" content=\"O \u00a0po\u00e7o profundo est\u00e1 sendo constru\u00eddo na Av. Urani Marques de Souza esquina com a Rua Martin\u00f3polis. \u00a0 A Prefeitura de Catanduva, atrav\u00e9s da Superintend\u00eancia de \u00c1gua e Esgoto, est\u00e1 realizando as obras para a perfura\u00e7\u00e3o do quinto po\u00e7o profundo que ir\u00e1 captar \u00e1gua do Aqu\u00edfero Guarani. &nbsp; O novo po\u00e7o profundo, situado na Unidade [&hellip;]\" \/>\n<meta property=\"og:url\" content=\"https:\/\/saec.sp.gov.br\/index.php\/2017\/02\/20\/novo-poco-profundo-unidade-de-captacao-barro-preto-uc-5\/\" \/>\n<meta property=\"og:site_name\" content=\"SAEC Superintendencia de Agua e Esgoto de Catanduva\" \/>\n<meta property=\"article:published_time\" content=\"2017-02-20T22:00:45+00:00\" \/>\n<meta property=\"article:modified_time\" content=\"2020-11-23T15:08:24+00:00\" \/>\n<meta property=\"og:image\" content=\"https:\/\/saec.sp.gov.br\/wp-content\/uploads\/2017\/01\/UNIDADE-CAPTACAO-BARROPRETO.jpg\" \/>\n\t<meta property=\"og:image:width\" content=\"1600\" \/>\n\t<meta property=\"og:image:height\" content=\"1067\" \/>\n<meta name=\"twitter:card\" content=\"summary\" \/>\n<meta name=\"twitter:label1\" content=\"Written by\">\n\t<meta name=\"twitter:data1\" content=\"Paulo\">\n\t<meta name=\"twitter:label2\" content=\"Est. reading time\">\n\t<meta name=\"twitter:data2\" content=\"1 minuto\">\n<script type=\"application\/ld+json\" class=\"yoast-schema-graph\">{\"@context\":\"https:\/\/schema.org\",\"@graph\":[{\"@type\":\"WebSite\",\"@id\":\"https:\/\/saec.sp.gov.br\/#website\",\"url\":\"https:\/\/saec.sp.gov.br\/\",\"name\":\"SAEC Superintendencia de Agua e Esgoto de Catanduva\",\"description\":\"SAEC\",\"potentialAction\":[{\"@type\":\"SearchAction\",\"target\":\"https:\/\/saec.sp.gov.br\/?s={search_term_string}\",\"query-input\":\"required name=search_term_string\"}],\"inLanguage\":\"pt-BR\"},{\"@type\":\"ImageObject\",\"@id\":\"https:\/\/saec.sp.gov.br\/index.php\/2017\/02\/20\/novo-poco-profundo-unidade-de-captacao-barro-preto-uc-5\/#primaryimage\",\"inLanguage\":\"pt-BR\",\"url\":\"https:\/\/saec.sp.gov.br\/wp-content\/uploads\/2017\/01\/UNIDADE-CAPTACAO-BARROPRETO.jpg\",\"width\":1600,\"height\":1067},{\"@type\":\"WebPage\",\"@id\":\"https:\/\/saec.sp.gov.br\/index.php\/2017\/02\/20\/novo-poco-profundo-unidade-de-captacao-barro-preto-uc-5\/#webpage\",\"url\":\"https:\/\/saec.sp.gov.br\/index.php\/2017\/02\/20\/novo-poco-profundo-unidade-de-captacao-barro-preto-uc-5\/\",\"name\":\"NOVO PO\\u00c7O PROFUNDO - UNIDADE DE CAPTA\\u00c7\\u00c3O BARRO PRETO (UC-5) - SAEC Superintendencia de Agua e Esgoto de Catanduva\",\"isPartOf\":{\"@id\":\"https:\/\/saec.sp.gov.br\/#website\"},\"primaryImageOfPage\":{\"@id\":\"https:\/\/saec.sp.gov.br\/index.php\/2017\/02\/20\/novo-poco-profundo-unidade-de-captacao-barro-preto-uc-5\/#primaryimage\"},\"datePublished\":\"2017-02-20T22:00:45+00:00\",\"dateModified\":\"2020-11-23T15:08:24+00:00\",\"author\":{\"@id\":\"https:\/\/saec.sp.gov.br\/#\/schema\/person\/2d5b546fc23abe0bafb33ac53c4f4bdf\"},\"inLanguage\":\"pt-BR\",\"potentialAction\":[{\"@type\":\"ReadAction\",\"target\":[\"https:\/\/saec.sp.gov.br\/index.php\/2017\/02\/20\/novo-poco-profundo-unidade-de-captacao-barro-preto-uc-5\/\"]}]},{\"@type\":\"Person\",\"@id\":\"https:\/\/saec.sp.gov.br\/#\/schema\/person\/2d5b546fc23abe0bafb33ac53c4f4bdf\",\"name\":\"Paulo\"}]}<\/script>\n<!-- \/ Yoast SEO plugin. -->","amp_validity":null,"amp_enabled":true,"_links":{"self":[{"href":"https:\/\/saec.sp.gov.br\/index.php\/wp-json\/wp\/v2\/posts\/730"}],"collection":[{"href":"https:\/\/saec.sp.gov.br\/index.php\/wp-json\/wp\/v2\/posts"}],"about":[{"href":"https:\/\/saec.sp.gov.br\/index.php\/wp-json\/wp\/v2\/types\/post"}],"author":[{"embeddable":true,"href":"https:\/\/saec.sp.gov.br\/index.php\/wp-json\/wp\/v2\/users\/15"}],"replies":[{"embeddable":true,"href":"https:\/\/saec.sp.gov.br\/index.php\/wp-json\/wp\/v2\/comments?post=730"}],"version-history":[{"count":3,"href":"https:\/\/saec.sp.gov.br\/index.php\/wp-json\/wp\/v2\/posts\/730\/revisions"}],"predecessor-version":[{"id":775,"href":"https:\/\/saec.sp.gov.br\/index.php\/wp-json\/wp\/v2\/posts\/730\/revisions\/775"}],"wp:featuredmedia":[{"embeddable":true,"href":"https:\/\/saec.sp.gov.br\/index.php\/wp-json\/wp\/v2\/media\/41"}],"wp:attachment":[{"href":"https:\/\/saec.sp.gov.br\/index.php\/wp-json\/wp\/v2\/media?parent=730"}],"wp:term":[{"taxonomy":"category","embeddable":true,"href":"https:\/\/saec.sp.gov.br\/index.php\/wp-json\/wp\/v2\/categories?post=730"},{"taxonomy":"post_tag","embeddable":true,"href":"https:\/\/saec.sp.gov.br\/index.php\/wp-json\/wp\/v2\/tags?post=730"}],"curies":[{"name":"wp","href":"https:\/\/api.w.org\/{rel}","templated":true}]}}