{"id":7449,"date":"2023-09-25T10:10:13","date_gmt":"2023-09-25T13:10:13","guid":{"rendered":"http:\/\/saec.sp.gov.br\/?p=7449"},"modified":"2023-09-25T10:10:13","modified_gmt":"2023-09-25T13:10:13","slug":"projeto-de-reforco-na-rua-sao-paulo-7","status":"publish","type":"post","link":"https:\/\/saec.sp.gov.br\/index.php\/2023\/09\/25\/projeto-de-reforco-na-rua-sao-paulo-7\/","title":{"rendered":"PROJETO DE REFOR\u00c7O NA RUA S\u00c3O PAULO"},"content":{"rendered":"<div class=\"xdj266r x11i5rnm xat24cr x1mh8g0r x1vvkbs x126k92a\">\n<div dir=\"auto\"><span class=\"x3nfvp2 x1j61x8r x1fcty0u xdj266r xhhsvwb xat24cr xgzva0m xxymvpz xlup9mm x1kky2od\">Avan\u00e7a! Final de semana chegou e aproveite para acompanhar como ficou a obra de refor\u00e7o no sistema de drenagem, no Higien\u00f3polis. Investimento para sanar e melhorar os transtornos que tanto causou, h\u00e1 d\u00e9cadas, aos moradores e comerciantes do bairro.<\/span><\/div>\n<\/div>\n<div class=\"x11i5rnm xat24cr x1mh8g0r x1vvkbs xtlvy1s x126k92a\">\n<div dir=\"auto\">Nesta sexta-feira, 22, equipe executou a constru\u00e7\u00e3o de mais um trecho de tubula\u00e7\u00f5es de galerias na rua Santa Catarina entre as ruas S\u00e3o Paulo e Goi\u00e1s.<\/div>\n<div dir=\"auto\"><\/div>\n<\/div>\n<div class=\"x11i5rnm xat24cr x1mh8g0r x1vvkbs xtlvy1s x126k92a\">\n<div dir=\"auto\">S\u00e3o interven\u00e7\u00f5es escalonadas na rua S\u00e3o Paulo com vias transversais.<\/div>\n<\/div>\n<div class=\"x11i5rnm xat24cr x1mh8g0r x1vvkbs xtlvy1s x126k92a\">\n<div dir=\"auto\"><\/div>\n<div dir=\"auto\">A obra faz parte do pacote de investimentos da Prefeitura e da SAEC. \u00c9 Catanduva com mais qualidade de vida e infraestrutura.<\/div>\n<\/div>\n<div class=\"x11i5rnm xat24cr x1mh8g0r x1vvkbs xtlvy1s x126k92a\">\n<div dir=\"auto\"><\/div>\n<div dir=\"auto\">Neste s\u00e1bado, 23, e domingo, 24, a via estar\u00e1 liberada para o tr\u00e2nsito de ve\u00edculos. A obra ser\u00e1 retomada na segunda-feira, dia 25.<\/div>\n<div dir=\"auto\"><\/div>\n<\/div>\n<div class=\"x11i5rnm xat24cr x1mh8g0r x1vvkbs xtlvy1s x126k92a\">\n<div dir=\"auto\">A SAEC pede desculpas pelos transtornos e pede ainda a compreens\u00e3o de todos. S\u00e3o melhorias necess\u00e1rias para o bairro.<\/div>\n<\/div>\n<div dir=\"auto\"><\/div>\n<div dir=\"auto\">25-09<\/div>\n","protected":false},"excerpt":{"rendered":"<p>Avan\u00e7a! Final de semana chegou e aproveite para acompanhar como ficou a obra de refor\u00e7o no sistema de drenagem, no Higien\u00f3polis. Investimento para sanar e melhorar os transtornos que tanto causou, h\u00e1 d\u00e9cadas, aos moradores e comerciantes do bairro. Nesta sexta-feira, 22, equipe executou a constru\u00e7\u00e3o de mais um trecho de tubula\u00e7\u00f5es de galerias na [&hellip;]<\/p>\n","protected":false},"author":12,"featured_media":7450,"comment_status":"closed","ping_status":"closed","sticky":false,"template":"","format":"standard","meta":{"footnotes":""},"categories":[41],"tags":[],"yoast_head":"<!-- This site is optimized with the Yoast SEO plugin v15.3 - https:\/\/yoast.com\/wordpress\/plugins\/seo\/ -->\n<title>PROJETO DE REFOR\u00c7O NA RUA S\u00c3O PAULO - SAEC Superintendencia de Agua e Esgoto de Catanduva<\/title>\n<meta name=\"robots\" content=\"index, follow, max-snippet:-1, max-image-preview:large, max-video-preview:-1\" \/>\n<link rel=\"canonical\" href=\"https:\/\/saec.sp.gov.br\/index.php\/2023\/09\/25\/projeto-de-reforco-na-rua-sao-paulo-7\/\" \/>\n<meta property=\"og:locale\" content=\"pt_BR\" \/>\n<meta property=\"og:type\" content=\"article\" \/>\n<meta property=\"og:title\" content=\"PROJETO DE REFOR\u00c7O NA RUA S\u00c3O PAULO - SAEC Superintendencia de Agua e Esgoto de Catanduva\" \/>\n<meta property=\"og:description\" content=\"Avan\u00e7a! Final de semana chegou e aproveite para acompanhar como ficou a obra de refor\u00e7o no sistema de drenagem, no Higien\u00f3polis. Investimento para sanar e melhorar os transtornos que tanto causou, h\u00e1 d\u00e9cadas, aos moradores e comerciantes do bairro. Nesta sexta-feira, 22, equipe executou a constru\u00e7\u00e3o de mais um trecho de tubula\u00e7\u00f5es de galerias na [&hellip;]\" \/>\n<meta property=\"og:url\" content=\"https:\/\/saec.sp.gov.br\/index.php\/2023\/09\/25\/projeto-de-reforco-na-rua-sao-paulo-7\/\" \/>\n<meta property=\"og:site_name\" content=\"SAEC Superintendencia de Agua e Esgoto de Catanduva\" \/>\n<meta property=\"article:published_time\" content=\"2023-09-25T13:10:13+00:00\" \/>\n<meta property=\"og:image\" content=\"https:\/\/saec.sp.gov.br\/wp-content\/uploads\/2023\/09\/1-22.jpg\" \/>\n\t<meta property=\"og:image:width\" content=\"2048\" \/>\n\t<meta property=\"og:image:height\" content=\"1648\" \/>\n<meta name=\"twitter:card\" content=\"summary\" \/>\n<meta name=\"twitter:label1\" content=\"Written by\">\n\t<meta name=\"twitter:data1\" content=\"Karla Sibro\">\n\t<meta name=\"twitter:label2\" content=\"Est. reading time\">\n\t<meta name=\"twitter:data2\" content=\"1 minuto\">\n<script type=\"application\/ld+json\" class=\"yoast-schema-graph\">{\"@context\":\"https:\/\/schema.org\",\"@graph\":[{\"@type\":\"WebSite\",\"@id\":\"https:\/\/saec.sp.gov.br\/#website\",\"url\":\"https:\/\/saec.sp.gov.br\/\",\"name\":\"SAEC Superintendencia de Agua e Esgoto de Catanduva\",\"description\":\"SAEC\",\"potentialAction\":[{\"@type\":\"SearchAction\",\"target\":\"https:\/\/saec.sp.gov.br\/?s={search_term_string}\",\"query-input\":\"required name=search_term_string\"}],\"inLanguage\":\"pt-BR\"},{\"@type\":\"ImageObject\",\"@id\":\"https:\/\/saec.sp.gov.br\/index.php\/2023\/09\/25\/projeto-de-reforco-na-rua-sao-paulo-7\/#primaryimage\",\"inLanguage\":\"pt-BR\",\"url\":\"https:\/\/saec.sp.gov.br\/wp-content\/uploads\/2023\/09\/1-22.jpg\",\"width\":2048,\"height\":1648},{\"@type\":\"WebPage\",\"@id\":\"https:\/\/saec.sp.gov.br\/index.php\/2023\/09\/25\/projeto-de-reforco-na-rua-sao-paulo-7\/#webpage\",\"url\":\"https:\/\/saec.sp.gov.br\/index.php\/2023\/09\/25\/projeto-de-reforco-na-rua-sao-paulo-7\/\",\"name\":\"PROJETO DE REFOR\\u00c7O NA RUA S\\u00c3O PAULO - SAEC Superintendencia de Agua e Esgoto de Catanduva\",\"isPartOf\":{\"@id\":\"https:\/\/saec.sp.gov.br\/#website\"},\"primaryImageOfPage\":{\"@id\":\"https:\/\/saec.sp.gov.br\/index.php\/2023\/09\/25\/projeto-de-reforco-na-rua-sao-paulo-7\/#primaryimage\"},\"datePublished\":\"2023-09-25T13:10:13+00:00\",\"dateModified\":\"2023-09-25T13:10:13+00:00\",\"author\":{\"@id\":\"https:\/\/saec.sp.gov.br\/#\/schema\/person\/0adeb299f513c0b2fcb1812012e43dea\"},\"inLanguage\":\"pt-BR\",\"potentialAction\":[{\"@type\":\"ReadAction\",\"target\":[\"https:\/\/saec.sp.gov.br\/index.php\/2023\/09\/25\/projeto-de-reforco-na-rua-sao-paulo-7\/\"]}]},{\"@type\":\"Person\",\"@id\":\"https:\/\/saec.sp.gov.br\/#\/schema\/person\/0adeb299f513c0b2fcb1812012e43dea\",\"name\":\"Karla Sibro\"}]}<\/script>\n<!-- \/ Yoast SEO plugin. -->","amp_validity":null,"amp_enabled":true,"_links":{"self":[{"href":"https:\/\/saec.sp.gov.br\/index.php\/wp-json\/wp\/v2\/posts\/7449"}],"collection":[{"href":"https:\/\/saec.sp.gov.br\/index.php\/wp-json\/wp\/v2\/posts"}],"about":[{"href":"https:\/\/saec.sp.gov.br\/index.php\/wp-json\/wp\/v2\/types\/post"}],"author":[{"embeddable":true,"href":"https:\/\/saec.sp.gov.br\/index.php\/wp-json\/wp\/v2\/users\/12"}],"replies":[{"embeddable":true,"href":"https:\/\/saec.sp.gov.br\/index.php\/wp-json\/wp\/v2\/comments?post=7449"}],"version-history":[{"count":1,"href":"https:\/\/saec.sp.gov.br\/index.php\/wp-json\/wp\/v2\/posts\/7449\/revisions"}],"predecessor-version":[{"id":7451,"href":"https:\/\/saec.sp.gov.br\/index.php\/wp-json\/wp\/v2\/posts\/7449\/revisions\/7451"}],"wp:featuredmedia":[{"embeddable":true,"href":"https:\/\/saec.sp.gov.br\/index.php\/wp-json\/wp\/v2\/media\/7450"}],"wp:attachment":[{"href":"https:\/\/saec.sp.gov.br\/index.php\/wp-json\/wp\/v2\/media?parent=7449"}],"wp:term":[{"taxonomy":"category","embeddable":true,"href":"https:\/\/saec.sp.gov.br\/index.php\/wp-json\/wp\/v2\/categories?post=7449"},{"taxonomy":"post_tag","embeddable":true,"href":"https:\/\/saec.sp.gov.br\/index.php\/wp-json\/wp\/v2\/tags?post=7449"}],"curies":[{"name":"wp","href":"https:\/\/api.w.org\/{rel}","templated":true}]}}