{"id":7452,"date":"2023-09-26T10:12:05","date_gmt":"2023-09-26T13:12:05","guid":{"rendered":"http:\/\/saec.sp.gov.br\/?p=7452"},"modified":"2023-09-26T10:13:49","modified_gmt":"2023-09-26T13:13:49","slug":"interdicao-da-rua-sao-paulo-nesta-terca","status":"publish","type":"post","link":"https:\/\/saec.sp.gov.br\/index.php\/2023\/09\/26\/interdicao-da-rua-sao-paulo-nesta-terca\/","title":{"rendered":"INTERDI\u00c7\u00c3O DA RUA S\u00c3O PAULO NESTA TER\u00c7A"},"content":{"rendered":"<div class=\"xdj266r x11i5rnm xat24cr x1mh8g0r x1vvkbs x126k92a\">\n<div dir=\"auto\">A SAEC informa que a rua S\u00e3o Paulo entre as ruas Tabapu\u00e3 e Ibir\u00e1 ser\u00e1 interditada nesta ter\u00e7a-feira, dia 26, a partir das 7h.<\/div>\n<\/div>\n<div class=\"x11i5rnm xat24cr x1mh8g0r x1vvkbs xtlvy1s x126k92a\">\n<div dir=\"auto\">Na ocasi\u00e3o, equipe far\u00e1 a manuten\u00e7\u00e3o na rua S\u00e3o Paulo para conter vazamento.<\/div>\n<div dir=\"auto\"><\/div>\n<\/div>\n<div class=\"x11i5rnm xat24cr x1mh8g0r x1vvkbs xtlvy1s x126k92a\">\n<div dir=\"auto\">Por conta do servi\u00e7o, o tr\u00e2nsito pela avenida S\u00e3o Domingos, sentido centro-bairro, estar\u00e1 bloqueado e a SAEC recomenda aos condutores para evitar o trecho que ser\u00e1 liberado para o tr\u00e2nsito de ve\u00edculos t\u00e3o logo os servi\u00e7os sejam finalizados, por volta das 11h.<\/div>\n<div dir=\"auto\"><\/div>\n<\/div>\n<div class=\"x11i5rnm xat24cr x1mh8g0r x1vvkbs xtlvy1s x126k92a\">\n<div dir=\"auto\">A SAEC orienta os motoristas a procurarem por rotas alternativas durante os trabalhos.<\/div>\n<\/div>\n<div dir=\"auto\"><\/div>\n<div dir=\"auto\">26-09<\/div>\n","protected":false},"excerpt":{"rendered":"<p>A SAEC informa que a rua S\u00e3o Paulo entre as ruas Tabapu\u00e3 e Ibir\u00e1 ser\u00e1 interditada nesta ter\u00e7a-feira, dia 26, a partir das 7h. Na ocasi\u00e3o, equipe far\u00e1 a manuten\u00e7\u00e3o na rua S\u00e3o Paulo para conter vazamento. Por conta do servi\u00e7o, o tr\u00e2nsito pela avenida S\u00e3o Domingos, sentido centro-bairro, estar\u00e1 bloqueado e a SAEC recomenda [&hellip;]<\/p>\n","protected":false},"author":12,"featured_media":7453,"comment_status":"closed","ping_status":"closed","sticky":false,"template":"","format":"standard","meta":{"footnotes":""},"categories":[49],"tags":[],"yoast_head":"<!-- This site is optimized with the Yoast SEO plugin v15.3 - https:\/\/yoast.com\/wordpress\/plugins\/seo\/ -->\n<title>INTERDI\u00c7\u00c3O DA RUA S\u00c3O PAULO NESTA TER\u00c7A - SAEC Superintendencia de Agua e Esgoto de Catanduva<\/title>\n<meta name=\"robots\" content=\"index, follow, max-snippet:-1, max-image-preview:large, max-video-preview:-1\" \/>\n<link rel=\"canonical\" href=\"https:\/\/saec.sp.gov.br\/index.php\/2023\/09\/26\/interdicao-da-rua-sao-paulo-nesta-terca\/\" \/>\n<meta property=\"og:locale\" content=\"pt_BR\" \/>\n<meta property=\"og:type\" content=\"article\" \/>\n<meta property=\"og:title\" content=\"INTERDI\u00c7\u00c3O DA RUA S\u00c3O PAULO NESTA TER\u00c7A - SAEC Superintendencia de Agua e Esgoto de Catanduva\" \/>\n<meta property=\"og:description\" content=\"A SAEC informa que a rua S\u00e3o Paulo entre as ruas Tabapu\u00e3 e Ibir\u00e1 ser\u00e1 interditada nesta ter\u00e7a-feira, dia 26, a partir das 7h. Na ocasi\u00e3o, equipe far\u00e1 a manuten\u00e7\u00e3o na rua S\u00e3o Paulo para conter vazamento. Por conta do servi\u00e7o, o tr\u00e2nsito pela avenida S\u00e3o Domingos, sentido centro-bairro, estar\u00e1 bloqueado e a SAEC recomenda [&hellip;]\" \/>\n<meta property=\"og:url\" content=\"https:\/\/saec.sp.gov.br\/index.php\/2023\/09\/26\/interdicao-da-rua-sao-paulo-nesta-terca\/\" \/>\n<meta property=\"og:site_name\" content=\"SAEC Superintendencia de Agua e Esgoto de Catanduva\" \/>\n<meta property=\"article:published_time\" content=\"2023-09-26T13:12:05+00:00\" \/>\n<meta property=\"article:modified_time\" content=\"2023-09-26T13:13:49+00:00\" \/>\n<meta property=\"og:image\" content=\"https:\/\/saec.sp.gov.br\/wp-content\/uploads\/2023\/09\/1-23.jpg\" \/>\n\t<meta property=\"og:image:width\" content=\"526\" \/>\n\t<meta property=\"og:image:height\" content=\"526\" \/>\n<meta name=\"twitter:card\" content=\"summary\" \/>\n<meta name=\"twitter:label1\" content=\"Written by\">\n\t<meta name=\"twitter:data1\" content=\"Karla Sibro\">\n\t<meta name=\"twitter:label2\" content=\"Est. reading time\">\n\t<meta name=\"twitter:data2\" content=\"0 minuto\">\n<script type=\"application\/ld+json\" class=\"yoast-schema-graph\">{\"@context\":\"https:\/\/schema.org\",\"@graph\":[{\"@type\":\"WebSite\",\"@id\":\"https:\/\/saec.sp.gov.br\/#website\",\"url\":\"https:\/\/saec.sp.gov.br\/\",\"name\":\"SAEC Superintendencia de Agua e Esgoto de Catanduva\",\"description\":\"SAEC\",\"potentialAction\":[{\"@type\":\"SearchAction\",\"target\":\"https:\/\/saec.sp.gov.br\/?s={search_term_string}\",\"query-input\":\"required name=search_term_string\"}],\"inLanguage\":\"pt-BR\"},{\"@type\":\"ImageObject\",\"@id\":\"https:\/\/saec.sp.gov.br\/index.php\/2023\/09\/26\/interdicao-da-rua-sao-paulo-nesta-terca\/#primaryimage\",\"inLanguage\":\"pt-BR\",\"url\":\"https:\/\/saec.sp.gov.br\/wp-content\/uploads\/2023\/09\/1-23.jpg\",\"width\":526,\"height\":526},{\"@type\":\"WebPage\",\"@id\":\"https:\/\/saec.sp.gov.br\/index.php\/2023\/09\/26\/interdicao-da-rua-sao-paulo-nesta-terca\/#webpage\",\"url\":\"https:\/\/saec.sp.gov.br\/index.php\/2023\/09\/26\/interdicao-da-rua-sao-paulo-nesta-terca\/\",\"name\":\"INTERDI\\u00c7\\u00c3O DA RUA S\\u00c3O PAULO NESTA TER\\u00c7A - SAEC Superintendencia de Agua e Esgoto de Catanduva\",\"isPartOf\":{\"@id\":\"https:\/\/saec.sp.gov.br\/#website\"},\"primaryImageOfPage\":{\"@id\":\"https:\/\/saec.sp.gov.br\/index.php\/2023\/09\/26\/interdicao-da-rua-sao-paulo-nesta-terca\/#primaryimage\"},\"datePublished\":\"2023-09-26T13:12:05+00:00\",\"dateModified\":\"2023-09-26T13:13:49+00:00\",\"author\":{\"@id\":\"https:\/\/saec.sp.gov.br\/#\/schema\/person\/0adeb299f513c0b2fcb1812012e43dea\"},\"inLanguage\":\"pt-BR\",\"potentialAction\":[{\"@type\":\"ReadAction\",\"target\":[\"https:\/\/saec.sp.gov.br\/index.php\/2023\/09\/26\/interdicao-da-rua-sao-paulo-nesta-terca\/\"]}]},{\"@type\":\"Person\",\"@id\":\"https:\/\/saec.sp.gov.br\/#\/schema\/person\/0adeb299f513c0b2fcb1812012e43dea\",\"name\":\"Karla Sibro\"}]}<\/script>\n<!-- \/ Yoast SEO plugin. -->","amp_validity":null,"amp_enabled":true,"_links":{"self":[{"href":"https:\/\/saec.sp.gov.br\/index.php\/wp-json\/wp\/v2\/posts\/7452"}],"collection":[{"href":"https:\/\/saec.sp.gov.br\/index.php\/wp-json\/wp\/v2\/posts"}],"about":[{"href":"https:\/\/saec.sp.gov.br\/index.php\/wp-json\/wp\/v2\/types\/post"}],"author":[{"embeddable":true,"href":"https:\/\/saec.sp.gov.br\/index.php\/wp-json\/wp\/v2\/users\/12"}],"replies":[{"embeddable":true,"href":"https:\/\/saec.sp.gov.br\/index.php\/wp-json\/wp\/v2\/comments?post=7452"}],"version-history":[{"count":1,"href":"https:\/\/saec.sp.gov.br\/index.php\/wp-json\/wp\/v2\/posts\/7452\/revisions"}],"predecessor-version":[{"id":7454,"href":"https:\/\/saec.sp.gov.br\/index.php\/wp-json\/wp\/v2\/posts\/7452\/revisions\/7454"}],"wp:featuredmedia":[{"embeddable":true,"href":"https:\/\/saec.sp.gov.br\/index.php\/wp-json\/wp\/v2\/media\/7453"}],"wp:attachment":[{"href":"https:\/\/saec.sp.gov.br\/index.php\/wp-json\/wp\/v2\/media?parent=7452"}],"wp:term":[{"taxonomy":"category","embeddable":true,"href":"https:\/\/saec.sp.gov.br\/index.php\/wp-json\/wp\/v2\/categories?post=7452"},{"taxonomy":"post_tag","embeddable":true,"href":"https:\/\/saec.sp.gov.br\/index.php\/wp-json\/wp\/v2\/tags?post=7452"}],"curies":[{"name":"wp","href":"https:\/\/api.w.org\/{rel}","templated":true}]}}