{"id":7459,"date":"2023-09-26T10:16:17","date_gmt":"2023-09-26T13:16:17","guid":{"rendered":"http:\/\/saec.sp.gov.br\/?p=7459"},"modified":"2023-09-26T11:05:41","modified_gmt":"2023-09-26T14:05:41","slug":"interrupcao-emergencial-no-abastecimento-de-agua-24","status":"publish","type":"post","link":"https:\/\/saec.sp.gov.br\/index.php\/2023\/09\/26\/interrupcao-emergencial-no-abastecimento-de-agua-24\/","title":{"rendered":"INTERRUP\u00c7\u00c3O EMERGENCIAL NO ABASTECIMENTO DE \u00c1GUA"},"content":{"rendered":"<div class=\"xdj266r x11i5rnm xat24cr x1mh8g0r x1vvkbs x126k92a\">\n<div dir=\"auto\">\n<div class=\"xdj266r x11i5rnm xat24cr x1mh8g0r x1vvkbs x126k92a\">\n<div dir=\"auto\">ATUALIZA\u00c7\u00c3O &#8211; SERVI\u00c7O CONCLU\u00cdDO \u00c0S 10H20<\/div>\n<\/div>\n<div class=\"x11i5rnm xat24cr x1mh8g0r x1vvkbs xtlvy1s x126k92a\"><\/div>\n<\/div>\n<div dir=\"auto\"><\/div>\n<div dir=\"auto\">A SAEC comunica os moradores sobre interrup\u00e7\u00e3o emergencial no fornecimento de \u00e1gua nesta ter\u00e7a, dia 26.<\/div>\n<\/div>\n<div class=\"xdj266r x11i5rnm xat24cr x1mh8g0r x1vvkbs x126k92a\">\n<div dir=\"auto\"><\/div>\n<\/div>\n<div class=\"x11i5rnm xat24cr x1mh8g0r x1vvkbs xtlvy1s x126k92a\">\n<div dir=\"auto\">Ser\u00e3o atingidos os bairros: Jardim Cl\u00e9lia, Parque Joaquim Lopes, Jardim Aeroporto, Jardim Brasil, Vila Juca Pedro, Vila S\u00e3o Pedro, Jardim Am\u00eandola, Agudo Rom\u00e3o, Centro, Jardim Santo Ant\u00f4nio, Jardim Bel\u00e9m e Vila Olinda.<\/div>\n<div dir=\"auto\"><\/div>\n<\/div>\n<div class=\"x11i5rnm xat24cr x1mh8g0r x1vvkbs xtlvy1s x126k92a\">\n<div dir=\"auto\">Equipe precisou fechar os reservat\u00f3rios da Santo Ant\u00f4nio e 7 de Setembro para fazer manuten\u00e7\u00e3o em dois locais &#8211; na rua Ribeir\u00e3o Preto esquina com a Sergipe e na rua Rio Grande do Sul entre as ruas S\u00e3o Paulo e Goi\u00e1s.<\/div>\n<div dir=\"auto\"><\/div>\n<\/div>\n<div class=\"x11i5rnm xat24cr x1mh8g0r x1vvkbs xtlvy1s x126k92a\">\n<div dir=\"auto\">A previs\u00e3o \u00e9 de que os servi\u00e7os sejam conclu\u00eddos at\u00e9 \u00e0s 17h.<\/div>\n<div dir=\"auto\"><\/div>\n<\/div>\n<div class=\"x11i5rnm xat24cr x1mh8g0r x1vvkbs xtlvy1s x126k92a\">\n<div dir=\"auto\">A SAEC pede que os moradores economizem \u00e1gua para que n\u00e3o ocorra desabastecimento.<\/div>\n<\/div>\n<div class=\"x11i5rnm xat24cr x1mh8g0r x1vvkbs xtlvy1s x126k92a\">\n<div dir=\"auto\">A autarquia orienta os motoristas a procurarem por rotas alternativas durante os trabalhos.<\/div>\n<\/div>\n<div dir=\"auto\"><\/div>\n<div dir=\"auto\">26-09<\/div>\n","protected":false},"excerpt":{"rendered":"<p>ATUALIZA\u00c7\u00c3O &#8211; SERVI\u00c7O CONCLU\u00cdDO \u00c0S 10H20 A SAEC comunica os moradores sobre interrup\u00e7\u00e3o emergencial no fornecimento de \u00e1gua nesta ter\u00e7a, dia 26. Ser\u00e3o atingidos os bairros: Jardim Cl\u00e9lia, Parque Joaquim Lopes, Jardim Aeroporto, Jardim Brasil, Vila Juca Pedro, Vila S\u00e3o Pedro, Jardim Am\u00eandola, Agudo Rom\u00e3o, Centro, Jardim Santo Ant\u00f4nio, Jardim Bel\u00e9m e Vila Olinda. Equipe [&hellip;]<\/p>\n","protected":false},"author":12,"featured_media":7461,"comment_status":"closed","ping_status":"closed","sticky":false,"template":"","format":"standard","meta":{"footnotes":""},"categories":[49],"tags":[],"yoast_head":"<!-- This site is optimized with the Yoast SEO plugin v15.3 - https:\/\/yoast.com\/wordpress\/plugins\/seo\/ -->\n<title>INTERRUP\u00c7\u00c3O EMERGENCIAL NO ABASTECIMENTO DE \u00c1GUA - SAEC Superintendencia de Agua e Esgoto de Catanduva<\/title>\n<meta name=\"robots\" content=\"index, follow, max-snippet:-1, max-image-preview:large, max-video-preview:-1\" \/>\n<link rel=\"canonical\" href=\"https:\/\/saec.sp.gov.br\/index.php\/2023\/09\/26\/interrupcao-emergencial-no-abastecimento-de-agua-24\/\" \/>\n<meta property=\"og:locale\" content=\"pt_BR\" \/>\n<meta property=\"og:type\" content=\"article\" \/>\n<meta property=\"og:title\" content=\"INTERRUP\u00c7\u00c3O EMERGENCIAL NO ABASTECIMENTO DE \u00c1GUA - SAEC Superintendencia de Agua e Esgoto de Catanduva\" \/>\n<meta property=\"og:description\" content=\"ATUALIZA\u00c7\u00c3O &#8211; SERVI\u00c7O CONCLU\u00cdDO \u00c0S 10H20 A SAEC comunica os moradores sobre interrup\u00e7\u00e3o emergencial no fornecimento de \u00e1gua nesta ter\u00e7a, dia 26. Ser\u00e3o atingidos os bairros: Jardim Cl\u00e9lia, Parque Joaquim Lopes, Jardim Aeroporto, Jardim Brasil, Vila Juca Pedro, Vila S\u00e3o Pedro, Jardim Am\u00eandola, Agudo Rom\u00e3o, Centro, Jardim Santo Ant\u00f4nio, Jardim Bel\u00e9m e Vila Olinda. Equipe [&hellip;]\" \/>\n<meta property=\"og:url\" content=\"https:\/\/saec.sp.gov.br\/index.php\/2023\/09\/26\/interrupcao-emergencial-no-abastecimento-de-agua-24\/\" \/>\n<meta property=\"og:site_name\" content=\"SAEC Superintendencia de Agua e Esgoto de Catanduva\" \/>\n<meta property=\"article:published_time\" content=\"2023-09-26T13:16:17+00:00\" \/>\n<meta property=\"article:modified_time\" content=\"2023-09-26T14:05:41+00:00\" \/>\n<meta property=\"og:image\" content=\"https:\/\/saec.sp.gov.br\/wp-content\/uploads\/2023\/09\/sem-agua.jpg\" \/>\n\t<meta property=\"og:image:width\" content=\"1080\" \/>\n\t<meta property=\"og:image:height\" content=\"1080\" \/>\n<meta name=\"twitter:card\" content=\"summary\" \/>\n<meta name=\"twitter:label1\" content=\"Written by\">\n\t<meta name=\"twitter:data1\" content=\"Karla Sibro\">\n\t<meta name=\"twitter:label2\" content=\"Est. reading time\">\n\t<meta name=\"twitter:data2\" content=\"1 minuto\">\n<script type=\"application\/ld+json\" class=\"yoast-schema-graph\">{\"@context\":\"https:\/\/schema.org\",\"@graph\":[{\"@type\":\"WebSite\",\"@id\":\"https:\/\/saec.sp.gov.br\/#website\",\"url\":\"https:\/\/saec.sp.gov.br\/\",\"name\":\"SAEC Superintendencia de Agua e Esgoto de Catanduva\",\"description\":\"SAEC\",\"potentialAction\":[{\"@type\":\"SearchAction\",\"target\":\"https:\/\/saec.sp.gov.br\/?s={search_term_string}\",\"query-input\":\"required name=search_term_string\"}],\"inLanguage\":\"pt-BR\"},{\"@type\":\"ImageObject\",\"@id\":\"https:\/\/saec.sp.gov.br\/index.php\/2023\/09\/26\/interrupcao-emergencial-no-abastecimento-de-agua-24\/#primaryimage\",\"inLanguage\":\"pt-BR\",\"url\":\"https:\/\/saec.sp.gov.br\/wp-content\/uploads\/2023\/09\/sem-agua.jpg\",\"width\":1080,\"height\":1080},{\"@type\":\"WebPage\",\"@id\":\"https:\/\/saec.sp.gov.br\/index.php\/2023\/09\/26\/interrupcao-emergencial-no-abastecimento-de-agua-24\/#webpage\",\"url\":\"https:\/\/saec.sp.gov.br\/index.php\/2023\/09\/26\/interrupcao-emergencial-no-abastecimento-de-agua-24\/\",\"name\":\"INTERRUP\\u00c7\\u00c3O EMERGENCIAL NO ABASTECIMENTO DE \\u00c1GUA - SAEC Superintendencia de Agua e Esgoto de Catanduva\",\"isPartOf\":{\"@id\":\"https:\/\/saec.sp.gov.br\/#website\"},\"primaryImageOfPage\":{\"@id\":\"https:\/\/saec.sp.gov.br\/index.php\/2023\/09\/26\/interrupcao-emergencial-no-abastecimento-de-agua-24\/#primaryimage\"},\"datePublished\":\"2023-09-26T13:16:17+00:00\",\"dateModified\":\"2023-09-26T14:05:41+00:00\",\"author\":{\"@id\":\"https:\/\/saec.sp.gov.br\/#\/schema\/person\/0adeb299f513c0b2fcb1812012e43dea\"},\"inLanguage\":\"pt-BR\",\"potentialAction\":[{\"@type\":\"ReadAction\",\"target\":[\"https:\/\/saec.sp.gov.br\/index.php\/2023\/09\/26\/interrupcao-emergencial-no-abastecimento-de-agua-24\/\"]}]},{\"@type\":\"Person\",\"@id\":\"https:\/\/saec.sp.gov.br\/#\/schema\/person\/0adeb299f513c0b2fcb1812012e43dea\",\"name\":\"Karla Sibro\"}]}<\/script>\n<!-- \/ Yoast SEO plugin. -->","amp_validity":null,"amp_enabled":true,"_links":{"self":[{"href":"https:\/\/saec.sp.gov.br\/index.php\/wp-json\/wp\/v2\/posts\/7459"}],"collection":[{"href":"https:\/\/saec.sp.gov.br\/index.php\/wp-json\/wp\/v2\/posts"}],"about":[{"href":"https:\/\/saec.sp.gov.br\/index.php\/wp-json\/wp\/v2\/types\/post"}],"author":[{"embeddable":true,"href":"https:\/\/saec.sp.gov.br\/index.php\/wp-json\/wp\/v2\/users\/12"}],"replies":[{"embeddable":true,"href":"https:\/\/saec.sp.gov.br\/index.php\/wp-json\/wp\/v2\/comments?post=7459"}],"version-history":[{"count":2,"href":"https:\/\/saec.sp.gov.br\/index.php\/wp-json\/wp\/v2\/posts\/7459\/revisions"}],"predecessor-version":[{"id":7464,"href":"https:\/\/saec.sp.gov.br\/index.php\/wp-json\/wp\/v2\/posts\/7459\/revisions\/7464"}],"wp:featuredmedia":[{"embeddable":true,"href":"https:\/\/saec.sp.gov.br\/index.php\/wp-json\/wp\/v2\/media\/7461"}],"wp:attachment":[{"href":"https:\/\/saec.sp.gov.br\/index.php\/wp-json\/wp\/v2\/media?parent=7459"}],"wp:term":[{"taxonomy":"category","embeddable":true,"href":"https:\/\/saec.sp.gov.br\/index.php\/wp-json\/wp\/v2\/categories?post=7459"},{"taxonomy":"post_tag","embeddable":true,"href":"https:\/\/saec.sp.gov.br\/index.php\/wp-json\/wp\/v2\/tags?post=7459"}],"curies":[{"name":"wp","href":"https:\/\/api.w.org\/{rel}","templated":true}]}}