{"id":7470,"date":"2023-09-28T15:11:14","date_gmt":"2023-09-28T18:11:14","guid":{"rendered":"http:\/\/saec.sp.gov.br\/?p=7470"},"modified":"2023-09-28T15:11:14","modified_gmt":"2023-09-28T18:11:14","slug":"interrupcao-emergencial-no-fornecimento-de-agua-6","status":"publish","type":"post","link":"https:\/\/saec.sp.gov.br\/index.php\/2023\/09\/28\/interrupcao-emergencial-no-fornecimento-de-agua-6\/","title":{"rendered":"INTERRUP\u00c7\u00c3O EMERGENCIAL NO FORNECIMENTO DE \u00c1GUA"},"content":{"rendered":"<div class=\"xdj266r x11i5rnm xat24cr x1mh8g0r x1vvkbs x126k92a\"><\/div>\n<div class=\"x11i5rnm xat24cr x1mh8g0r x1vvkbs xtlvy1s x126k92a\">\n<div dir=\"auto\">A SAEC comunica os moradores que o reservat\u00f3rio da rua 7 de Setembro (UR-2) precisou ser fechado, de forma emergencial, na tarde desta quinta-feira, dia 28. Por conta disso, o fornecimento de \u00e1gua ser\u00e1 interrompido nos seguintes bairros:<\/div>\n<\/div>\n<div class=\"x11i5rnm xat24cr x1mh8g0r x1vvkbs xtlvy1s x126k92a\">\n<div dir=\"auto\">Vila Bela, Jardim do Bosque, Vila Lunardelli, Altos do Higien\u00f3polis, Vila S\u00e3o Jorge, Vila Mota e Higien\u00f3polis.<\/div>\n<div dir=\"auto\"><\/div>\n<\/div>\n<div class=\"x11i5rnm xat24cr x1mh8g0r x1vvkbs xtlvy1s x126k92a\">\n<div dir=\"auto\">Na ocasi\u00e3o, equipe da SAEC est\u00e1 de prontid\u00e3o na rua S\u00e3o Paulo e executa reparo para conter vazamento de \u00e1gua.<\/div>\n<div dir=\"auto\"><\/div>\n<\/div>\n<div class=\"x11i5rnm xat24cr x1mh8g0r x1vvkbs xtlvy1s x126k92a\">\n<div dir=\"auto\">A previs\u00e3o \u00e9 de que o abastecimento seja restabelecido at\u00e9 \u00e0s 17 horas.<\/div>\n<div dir=\"auto\"><\/div>\n<\/div>\n<div class=\"x11i5rnm xat24cr x1mh8g0r x1vvkbs xtlvy1s x126k92a\">\n<div dir=\"auto\">A SAEC pede que os moradores economizem \u00e1gua para que n\u00e3o ocorra desabastecimento.<\/div>\n<\/div>\n<div dir=\"auto\"><\/div>\n<div dir=\"auto\">28-09<\/div>\n","protected":false},"excerpt":{"rendered":"<p>A SAEC comunica os moradores que o reservat\u00f3rio da rua 7 de Setembro (UR-2) precisou ser fechado, de forma emergencial, na tarde desta quinta-feira, dia 28. Por conta disso, o fornecimento de \u00e1gua ser\u00e1 interrompido nos seguintes bairros: Vila Bela, Jardim do Bosque, Vila Lunardelli, Altos do Higien\u00f3polis, Vila S\u00e3o Jorge, Vila Mota e Higien\u00f3polis. [&hellip;]<\/p>\n","protected":false},"author":12,"featured_media":7461,"comment_status":"closed","ping_status":"closed","sticky":false,"template":"","format":"standard","meta":{"footnotes":""},"categories":[49,41],"tags":[],"yoast_head":"<!-- This site is optimized with the Yoast SEO plugin v15.3 - https:\/\/yoast.com\/wordpress\/plugins\/seo\/ -->\n<title>INTERRUP\u00c7\u00c3O EMERGENCIAL NO FORNECIMENTO DE \u00c1GUA - SAEC Superintendencia de Agua e Esgoto de Catanduva<\/title>\n<meta name=\"robots\" content=\"index, follow, max-snippet:-1, max-image-preview:large, max-video-preview:-1\" \/>\n<link rel=\"canonical\" href=\"https:\/\/saec.sp.gov.br\/index.php\/2023\/09\/28\/interrupcao-emergencial-no-fornecimento-de-agua-6\/\" \/>\n<meta property=\"og:locale\" content=\"pt_BR\" \/>\n<meta property=\"og:type\" content=\"article\" \/>\n<meta property=\"og:title\" content=\"INTERRUP\u00c7\u00c3O EMERGENCIAL NO FORNECIMENTO DE \u00c1GUA - SAEC Superintendencia de Agua e Esgoto de Catanduva\" \/>\n<meta property=\"og:description\" content=\"A SAEC comunica os moradores que o reservat\u00f3rio da rua 7 de Setembro (UR-2) precisou ser fechado, de forma emergencial, na tarde desta quinta-feira, dia 28. Por conta disso, o fornecimento de \u00e1gua ser\u00e1 interrompido nos seguintes bairros: Vila Bela, Jardim do Bosque, Vila Lunardelli, Altos do Higien\u00f3polis, Vila S\u00e3o Jorge, Vila Mota e Higien\u00f3polis. [&hellip;]\" \/>\n<meta property=\"og:url\" content=\"https:\/\/saec.sp.gov.br\/index.php\/2023\/09\/28\/interrupcao-emergencial-no-fornecimento-de-agua-6\/\" \/>\n<meta property=\"og:site_name\" content=\"SAEC Superintendencia de Agua e Esgoto de Catanduva\" \/>\n<meta property=\"article:published_time\" content=\"2023-09-28T18:11:14+00:00\" \/>\n<meta property=\"og:image\" content=\"https:\/\/saec.sp.gov.br\/wp-content\/uploads\/2023\/09\/sem-agua.jpg\" \/>\n\t<meta property=\"og:image:width\" content=\"1080\" \/>\n\t<meta property=\"og:image:height\" content=\"1080\" \/>\n<meta name=\"twitter:card\" content=\"summary\" \/>\n<meta name=\"twitter:label1\" content=\"Written by\">\n\t<meta name=\"twitter:data1\" content=\"Karla Sibro\">\n\t<meta name=\"twitter:label2\" content=\"Est. reading time\">\n\t<meta name=\"twitter:data2\" content=\"0 minuto\">\n<script type=\"application\/ld+json\" class=\"yoast-schema-graph\">{\"@context\":\"https:\/\/schema.org\",\"@graph\":[{\"@type\":\"WebSite\",\"@id\":\"https:\/\/saec.sp.gov.br\/#website\",\"url\":\"https:\/\/saec.sp.gov.br\/\",\"name\":\"SAEC Superintendencia de Agua e Esgoto de Catanduva\",\"description\":\"SAEC\",\"potentialAction\":[{\"@type\":\"SearchAction\",\"target\":\"https:\/\/saec.sp.gov.br\/?s={search_term_string}\",\"query-input\":\"required name=search_term_string\"}],\"inLanguage\":\"pt-BR\"},{\"@type\":\"ImageObject\",\"@id\":\"https:\/\/saec.sp.gov.br\/index.php\/2023\/09\/28\/interrupcao-emergencial-no-fornecimento-de-agua-6\/#primaryimage\",\"inLanguage\":\"pt-BR\",\"url\":\"https:\/\/saec.sp.gov.br\/wp-content\/uploads\/2023\/09\/sem-agua.jpg\",\"width\":1080,\"height\":1080},{\"@type\":\"WebPage\",\"@id\":\"https:\/\/saec.sp.gov.br\/index.php\/2023\/09\/28\/interrupcao-emergencial-no-fornecimento-de-agua-6\/#webpage\",\"url\":\"https:\/\/saec.sp.gov.br\/index.php\/2023\/09\/28\/interrupcao-emergencial-no-fornecimento-de-agua-6\/\",\"name\":\"INTERRUP\\u00c7\\u00c3O EMERGENCIAL NO FORNECIMENTO DE \\u00c1GUA - SAEC Superintendencia de Agua e Esgoto de Catanduva\",\"isPartOf\":{\"@id\":\"https:\/\/saec.sp.gov.br\/#website\"},\"primaryImageOfPage\":{\"@id\":\"https:\/\/saec.sp.gov.br\/index.php\/2023\/09\/28\/interrupcao-emergencial-no-fornecimento-de-agua-6\/#primaryimage\"},\"datePublished\":\"2023-09-28T18:11:14+00:00\",\"dateModified\":\"2023-09-28T18:11:14+00:00\",\"author\":{\"@id\":\"https:\/\/saec.sp.gov.br\/#\/schema\/person\/0adeb299f513c0b2fcb1812012e43dea\"},\"inLanguage\":\"pt-BR\",\"potentialAction\":[{\"@type\":\"ReadAction\",\"target\":[\"https:\/\/saec.sp.gov.br\/index.php\/2023\/09\/28\/interrupcao-emergencial-no-fornecimento-de-agua-6\/\"]}]},{\"@type\":\"Person\",\"@id\":\"https:\/\/saec.sp.gov.br\/#\/schema\/person\/0adeb299f513c0b2fcb1812012e43dea\",\"name\":\"Karla Sibro\"}]}<\/script>\n<!-- \/ Yoast SEO plugin. -->","amp_validity":null,"amp_enabled":true,"_links":{"self":[{"href":"https:\/\/saec.sp.gov.br\/index.php\/wp-json\/wp\/v2\/posts\/7470"}],"collection":[{"href":"https:\/\/saec.sp.gov.br\/index.php\/wp-json\/wp\/v2\/posts"}],"about":[{"href":"https:\/\/saec.sp.gov.br\/index.php\/wp-json\/wp\/v2\/types\/post"}],"author":[{"embeddable":true,"href":"https:\/\/saec.sp.gov.br\/index.php\/wp-json\/wp\/v2\/users\/12"}],"replies":[{"embeddable":true,"href":"https:\/\/saec.sp.gov.br\/index.php\/wp-json\/wp\/v2\/comments?post=7470"}],"version-history":[{"count":1,"href":"https:\/\/saec.sp.gov.br\/index.php\/wp-json\/wp\/v2\/posts\/7470\/revisions"}],"predecessor-version":[{"id":7471,"href":"https:\/\/saec.sp.gov.br\/index.php\/wp-json\/wp\/v2\/posts\/7470\/revisions\/7471"}],"wp:featuredmedia":[{"embeddable":true,"href":"https:\/\/saec.sp.gov.br\/index.php\/wp-json\/wp\/v2\/media\/7461"}],"wp:attachment":[{"href":"https:\/\/saec.sp.gov.br\/index.php\/wp-json\/wp\/v2\/media?parent=7470"}],"wp:term":[{"taxonomy":"category","embeddable":true,"href":"https:\/\/saec.sp.gov.br\/index.php\/wp-json\/wp\/v2\/categories?post=7470"},{"taxonomy":"post_tag","embeddable":true,"href":"https:\/\/saec.sp.gov.br\/index.php\/wp-json\/wp\/v2\/tags?post=7470"}],"curies":[{"name":"wp","href":"https:\/\/api.w.org\/{rel}","templated":true}]}}