{"id":7517,"date":"2023-10-16T11:59:48","date_gmt":"2023-10-16T14:59:48","guid":{"rendered":"http:\/\/saec.sp.gov.br\/?p=7517"},"modified":"2023-10-16T11:59:48","modified_gmt":"2023-10-16T14:59:48","slug":"plantio-de-mudas-de-arvores","status":"publish","type":"post","link":"https:\/\/saec.sp.gov.br\/index.php\/2023\/10\/16\/plantio-de-mudas-de-arvores\/","title":{"rendered":"PLANTIO DE MUDAS DE \u00c1RVORES"},"content":{"rendered":"<div class=\"xdj266r x11i5rnm xat24cr x1mh8g0r x1vvkbs x126k92a\">\n<div dir=\"auto\"><span class=\"x3nfvp2 x1j61x8r x1fcty0u xdj266r xhhsvwb xat24cr xgzva0m xxymvpz xlup9mm x1kky2od\">Hoje o dia rendeu! Ao todo, 140 mudas de \u00e1rvores de v\u00e1rias esp\u00e9cies foram plantadas pela equipe da SAEC no Parque dos Ip\u00eas. A a\u00e7\u00e3o \u00e9 uma manuten\u00e7\u00e3o do Termo de Compromisso de Recupera\u00e7\u00e3o Ambiental firmado com a Cetesb.<\/span><\/div>\n<div dir=\"auto\"><\/div>\n<\/div>\n<div class=\"x11i5rnm xat24cr x1mh8g0r x1vvkbs xtlvy1s x126k92a\">\n<div dir=\"auto\">Concomitante, foram plantadas tamb\u00e9m mudas na escola Professor Armando Prandi. Na ocasi\u00e3o, a a\u00e7\u00e3o educativa \u00e9 alusiva ao Dia das Crian\u00e7as. Os alunos aprenderam na pr\u00e1tica a plantar e cultivar. E, ainda, ganharam de presente a responsabilidade de amar, cuidar e preservar a \u00e1rvore.<\/div>\n<\/div>\n<div class=\"x11i5rnm xat24cr x1mh8g0r x1vvkbs xtlvy1s x126k92a\">\n<div dir=\"auto\">O resultado n\u00e3o podia ser outro: foi emocionante. Al\u00e9m de colocarem a m\u00e3o na terra e aprenderem as t\u00e9cnicas de cultivo, a crian\u00e7ada amou a responsabilidade de cuidar do meio ambiente.<\/div>\n<div dir=\"auto\"><\/div>\n<\/div>\n<div class=\"x11i5rnm xat24cr x1mh8g0r x1vvkbs xtlvy1s x126k92a\">\n<div dir=\"auto\">Todo dia \u00e9 dia de cuidar da natureza! Plante voc\u00ea tamb\u00e9m uma \u00e1rvore!<\/div>\n<\/div>\n<div dir=\"auto\"><\/div>\n<div dir=\"auto\">16-10<\/div>\n<div class=\"x11i5rnm xat24cr x1mh8g0r x1vvkbs xtlvy1s x126k92a\">\n<div dir=\"auto\"><\/div>\n<\/div>\n","protected":false},"excerpt":{"rendered":"<p>Hoje o dia rendeu! Ao todo, 140 mudas de \u00e1rvores de v\u00e1rias esp\u00e9cies foram plantadas pela equipe da SAEC no Parque dos Ip\u00eas. A a\u00e7\u00e3o \u00e9 uma manuten\u00e7\u00e3o do Termo de Compromisso de Recupera\u00e7\u00e3o Ambiental firmado com a Cetesb. Concomitante, foram plantadas tamb\u00e9m mudas na escola Professor Armando Prandi. Na ocasi\u00e3o, a a\u00e7\u00e3o educativa \u00e9 [&hellip;]<\/p>\n","protected":false},"author":12,"featured_media":7518,"comment_status":"closed","ping_status":"closed","sticky":false,"template":"","format":"standard","meta":{"footnotes":""},"categories":[41],"tags":[],"yoast_head":"<!-- This site is optimized with the Yoast SEO plugin v15.3 - https:\/\/yoast.com\/wordpress\/plugins\/seo\/ -->\n<title>PLANTIO DE MUDAS DE \u00c1RVORES - SAEC Superintendencia de Agua e Esgoto de Catanduva<\/title>\n<meta name=\"robots\" content=\"index, follow, max-snippet:-1, max-image-preview:large, max-video-preview:-1\" \/>\n<link rel=\"canonical\" href=\"https:\/\/saec.sp.gov.br\/index.php\/2023\/10\/16\/plantio-de-mudas-de-arvores\/\" \/>\n<meta property=\"og:locale\" content=\"pt_BR\" \/>\n<meta property=\"og:type\" content=\"article\" \/>\n<meta property=\"og:title\" content=\"PLANTIO DE MUDAS DE \u00c1RVORES - SAEC Superintendencia de Agua e Esgoto de Catanduva\" \/>\n<meta property=\"og:description\" content=\"Hoje o dia rendeu! Ao todo, 140 mudas de \u00e1rvores de v\u00e1rias esp\u00e9cies foram plantadas pela equipe da SAEC no Parque dos Ip\u00eas. A a\u00e7\u00e3o \u00e9 uma manuten\u00e7\u00e3o do Termo de Compromisso de Recupera\u00e7\u00e3o Ambiental firmado com a Cetesb. Concomitante, foram plantadas tamb\u00e9m mudas na escola Professor Armando Prandi. Na ocasi\u00e3o, a a\u00e7\u00e3o educativa \u00e9 [&hellip;]\" \/>\n<meta property=\"og:url\" content=\"https:\/\/saec.sp.gov.br\/index.php\/2023\/10\/16\/plantio-de-mudas-de-arvores\/\" \/>\n<meta property=\"og:site_name\" content=\"SAEC Superintendencia de Agua e Esgoto de Catanduva\" \/>\n<meta property=\"article:published_time\" content=\"2023-10-16T14:59:48+00:00\" \/>\n<meta property=\"og:image\" content=\"https:\/\/saec.sp.gov.br\/wp-content\/uploads\/2023\/10\/1-2.jpg\" \/>\n\t<meta property=\"og:image:width\" content=\"2048\" \/>\n\t<meta property=\"og:image:height\" content=\"1367\" \/>\n<meta name=\"twitter:card\" content=\"summary\" \/>\n<meta name=\"twitter:label1\" content=\"Written by\">\n\t<meta name=\"twitter:data1\" content=\"Karla Sibro\">\n\t<meta name=\"twitter:label2\" content=\"Est. reading time\">\n\t<meta name=\"twitter:data2\" content=\"1 minuto\">\n<script type=\"application\/ld+json\" class=\"yoast-schema-graph\">{\"@context\":\"https:\/\/schema.org\",\"@graph\":[{\"@type\":\"WebSite\",\"@id\":\"https:\/\/saec.sp.gov.br\/#website\",\"url\":\"https:\/\/saec.sp.gov.br\/\",\"name\":\"SAEC Superintendencia de Agua e Esgoto de Catanduva\",\"description\":\"SAEC\",\"potentialAction\":[{\"@type\":\"SearchAction\",\"target\":\"https:\/\/saec.sp.gov.br\/?s={search_term_string}\",\"query-input\":\"required name=search_term_string\"}],\"inLanguage\":\"pt-BR\"},{\"@type\":\"ImageObject\",\"@id\":\"https:\/\/saec.sp.gov.br\/index.php\/2023\/10\/16\/plantio-de-mudas-de-arvores\/#primaryimage\",\"inLanguage\":\"pt-BR\",\"url\":\"https:\/\/saec.sp.gov.br\/wp-content\/uploads\/2023\/10\/1-2.jpg\",\"width\":2048,\"height\":1367},{\"@type\":\"WebPage\",\"@id\":\"https:\/\/saec.sp.gov.br\/index.php\/2023\/10\/16\/plantio-de-mudas-de-arvores\/#webpage\",\"url\":\"https:\/\/saec.sp.gov.br\/index.php\/2023\/10\/16\/plantio-de-mudas-de-arvores\/\",\"name\":\"PLANTIO DE MUDAS DE \\u00c1RVORES - SAEC Superintendencia de Agua e Esgoto de Catanduva\",\"isPartOf\":{\"@id\":\"https:\/\/saec.sp.gov.br\/#website\"},\"primaryImageOfPage\":{\"@id\":\"https:\/\/saec.sp.gov.br\/index.php\/2023\/10\/16\/plantio-de-mudas-de-arvores\/#primaryimage\"},\"datePublished\":\"2023-10-16T14:59:48+00:00\",\"dateModified\":\"2023-10-16T14:59:48+00:00\",\"author\":{\"@id\":\"https:\/\/saec.sp.gov.br\/#\/schema\/person\/0adeb299f513c0b2fcb1812012e43dea\"},\"inLanguage\":\"pt-BR\",\"potentialAction\":[{\"@type\":\"ReadAction\",\"target\":[\"https:\/\/saec.sp.gov.br\/index.php\/2023\/10\/16\/plantio-de-mudas-de-arvores\/\"]}]},{\"@type\":\"Person\",\"@id\":\"https:\/\/saec.sp.gov.br\/#\/schema\/person\/0adeb299f513c0b2fcb1812012e43dea\",\"name\":\"Karla Sibro\"}]}<\/script>\n<!-- \/ Yoast SEO plugin. -->","amp_validity":null,"amp_enabled":true,"_links":{"self":[{"href":"https:\/\/saec.sp.gov.br\/index.php\/wp-json\/wp\/v2\/posts\/7517"}],"collection":[{"href":"https:\/\/saec.sp.gov.br\/index.php\/wp-json\/wp\/v2\/posts"}],"about":[{"href":"https:\/\/saec.sp.gov.br\/index.php\/wp-json\/wp\/v2\/types\/post"}],"author":[{"embeddable":true,"href":"https:\/\/saec.sp.gov.br\/index.php\/wp-json\/wp\/v2\/users\/12"}],"replies":[{"embeddable":true,"href":"https:\/\/saec.sp.gov.br\/index.php\/wp-json\/wp\/v2\/comments?post=7517"}],"version-history":[{"count":1,"href":"https:\/\/saec.sp.gov.br\/index.php\/wp-json\/wp\/v2\/posts\/7517\/revisions"}],"predecessor-version":[{"id":7519,"href":"https:\/\/saec.sp.gov.br\/index.php\/wp-json\/wp\/v2\/posts\/7517\/revisions\/7519"}],"wp:featuredmedia":[{"embeddable":true,"href":"https:\/\/saec.sp.gov.br\/index.php\/wp-json\/wp\/v2\/media\/7518"}],"wp:attachment":[{"href":"https:\/\/saec.sp.gov.br\/index.php\/wp-json\/wp\/v2\/media?parent=7517"}],"wp:term":[{"taxonomy":"category","embeddable":true,"href":"https:\/\/saec.sp.gov.br\/index.php\/wp-json\/wp\/v2\/categories?post=7517"},{"taxonomy":"post_tag","embeddable":true,"href":"https:\/\/saec.sp.gov.br\/index.php\/wp-json\/wp\/v2\/tags?post=7517"}],"curies":[{"name":"wp","href":"https:\/\/api.w.org\/{rel}","templated":true}]}}