{"id":7540,"date":"2023-10-21T11:26:49","date_gmt":"2023-10-21T14:26:49","guid":{"rendered":"http:\/\/saec.sp.gov.br\/?p=7540"},"modified":"2023-10-23T11:28:00","modified_gmt":"2023-10-23T14:28:00","slug":"projeto-de-reforco-na-rua-sao-paulo-10","status":"publish","type":"post","link":"https:\/\/saec.sp.gov.br\/index.php\/2023\/10\/21\/projeto-de-reforco-na-rua-sao-paulo-10\/","title":{"rendered":"PROJETO DE REFOR\u00c7O NA RUA S\u00c3O PAULO"},"content":{"rendered":"<div class=\"xdj266r x11i5rnm xat24cr x1mh8g0r x1vvkbs x126k92a\"><\/div>\n<div class=\"x11i5rnm xat24cr x1mh8g0r x1vvkbs xtlvy1s x126k92a\">\n<div dir=\"auto\">Plant\u00e3o da SAEC! O sabad\u00e3o rendeu. Equipe contratada da SAEC concluiu com sucesso a execu\u00e7\u00e3o de po\u00e7o de visita na rua Santa Catarina esquina com a rua Mato Grosso.<\/div>\n<div dir=\"auto\"><\/div>\n<\/div>\n<div class=\"x11i5rnm xat24cr x1mh8g0r x1vvkbs xtlvy1s x126k92a\">\n<div dir=\"auto\">Na pr\u00f3xima segunda, o trabalho continuar\u00e1 na via.<\/div>\n<div dir=\"auto\"><\/div>\n<\/div>\n<div class=\"x11i5rnm xat24cr x1mh8g0r x1vvkbs xtlvy1s x126k92a\">\n<div dir=\"auto\">A obra faz parte do projeto de refor\u00e7o no sistema de drenagem na rua S\u00e3o Paulo e vias transversais. Investimentos da <a class=\"x1i10hfl xjbqb8w x6umtig x1b1mbwd xaqea5y xav7gou x9f619 x1ypdohk xt0psk2 xe8uvvx xdj266r x11i5rnm xat24cr x1mh8g0r xexx8yu x4uap5 x18d9i69 xkhd6sd x16tdsg8 x1hl2dhg xggy1nq x1a2a7pz xt0b8zv x1qq9wsj xo1l8bm\" tabindex=\"0\" role=\"link\" href=\"https:\/\/www.facebook.com\/prefeituradecatanduva?__cft__[0]=AZWBC2dadbhoo-iZPcjXRZSKer2aFJMncHqug60BTzG32LwKhV8vRpojUZtxryjJDRMaHZT6DV1Itu8M32FcRFipf01T7hLm6V4jwnAT8FYUxLGy3nBb05Uylv4mPckIbTHh5OL_mej8TGTfoabkBLnzGg2ybfeZcuGR1m1MQiZ0QB8fkDJYgFNURM9LnSZhu1c&amp;__tn__=-]K-R\"><span class=\"xt0psk2\">Prefeitura de Catanduva<\/span><\/a> e SAEC.<\/div>\n<\/div>\n<div class=\"x11i5rnm xat24cr x1mh8g0r x1vvkbs xtlvy1s x126k92a\">\n<div dir=\"auto\"><\/div>\n<\/div>\n","protected":false},"excerpt":{"rendered":"<p>Plant\u00e3o da SAEC! O sabad\u00e3o rendeu. Equipe contratada da SAEC concluiu com sucesso a execu\u00e7\u00e3o de po\u00e7o de visita na rua Santa Catarina esquina com a rua Mato Grosso. Na pr\u00f3xima segunda, o trabalho continuar\u00e1 na via. A obra faz parte do projeto de refor\u00e7o no sistema de drenagem na rua S\u00e3o Paulo e vias [&hellip;]<\/p>\n","protected":false},"author":12,"featured_media":7541,"comment_status":"closed","ping_status":"closed","sticky":false,"template":"","format":"standard","meta":{"footnotes":""},"categories":[41],"tags":[],"yoast_head":"<!-- This site is optimized with the Yoast SEO plugin v15.3 - https:\/\/yoast.com\/wordpress\/plugins\/seo\/ -->\n<title>PROJETO DE REFOR\u00c7O NA RUA S\u00c3O PAULO - SAEC Superintendencia de Agua e Esgoto de Catanduva<\/title>\n<meta name=\"robots\" content=\"index, follow, max-snippet:-1, max-image-preview:large, max-video-preview:-1\" \/>\n<link rel=\"canonical\" href=\"https:\/\/saec.sp.gov.br\/index.php\/2023\/10\/21\/projeto-de-reforco-na-rua-sao-paulo-10\/\" \/>\n<meta property=\"og:locale\" content=\"pt_BR\" \/>\n<meta property=\"og:type\" content=\"article\" \/>\n<meta property=\"og:title\" content=\"PROJETO DE REFOR\u00c7O NA RUA S\u00c3O PAULO - SAEC Superintendencia de Agua e Esgoto de Catanduva\" \/>\n<meta property=\"og:description\" content=\"Plant\u00e3o da SAEC! O sabad\u00e3o rendeu. Equipe contratada da SAEC concluiu com sucesso a execu\u00e7\u00e3o de po\u00e7o de visita na rua Santa Catarina esquina com a rua Mato Grosso. Na pr\u00f3xima segunda, o trabalho continuar\u00e1 na via. A obra faz parte do projeto de refor\u00e7o no sistema de drenagem na rua S\u00e3o Paulo e vias [&hellip;]\" \/>\n<meta property=\"og:url\" content=\"https:\/\/saec.sp.gov.br\/index.php\/2023\/10\/21\/projeto-de-reforco-na-rua-sao-paulo-10\/\" \/>\n<meta property=\"og:site_name\" content=\"SAEC Superintendencia de Agua e Esgoto de Catanduva\" \/>\n<meta property=\"article:published_time\" content=\"2023-10-21T14:26:49+00:00\" \/>\n<meta property=\"article:modified_time\" content=\"2023-10-23T14:28:00+00:00\" \/>\n<meta property=\"og:image\" content=\"https:\/\/saec.sp.gov.br\/wp-content\/uploads\/2023\/10\/1-6.jpg\" \/>\n\t<meta property=\"og:image:width\" content=\"2048\" \/>\n\t<meta property=\"og:image:height\" content=\"1536\" \/>\n<meta name=\"twitter:card\" content=\"summary\" \/>\n<meta name=\"twitter:label1\" content=\"Written by\">\n\t<meta name=\"twitter:data1\" content=\"Karla Sibro\">\n\t<meta name=\"twitter:label2\" content=\"Est. reading time\">\n\t<meta name=\"twitter:data2\" content=\"0 minuto\">\n<script type=\"application\/ld+json\" class=\"yoast-schema-graph\">{\"@context\":\"https:\/\/schema.org\",\"@graph\":[{\"@type\":\"WebSite\",\"@id\":\"https:\/\/saec.sp.gov.br\/#website\",\"url\":\"https:\/\/saec.sp.gov.br\/\",\"name\":\"SAEC Superintendencia de Agua e Esgoto de Catanduva\",\"description\":\"SAEC\",\"potentialAction\":[{\"@type\":\"SearchAction\",\"target\":\"https:\/\/saec.sp.gov.br\/?s={search_term_string}\",\"query-input\":\"required name=search_term_string\"}],\"inLanguage\":\"pt-BR\"},{\"@type\":\"ImageObject\",\"@id\":\"https:\/\/saec.sp.gov.br\/index.php\/2023\/10\/21\/projeto-de-reforco-na-rua-sao-paulo-10\/#primaryimage\",\"inLanguage\":\"pt-BR\",\"url\":\"https:\/\/saec.sp.gov.br\/wp-content\/uploads\/2023\/10\/1-6.jpg\",\"width\":2048,\"height\":1536},{\"@type\":\"WebPage\",\"@id\":\"https:\/\/saec.sp.gov.br\/index.php\/2023\/10\/21\/projeto-de-reforco-na-rua-sao-paulo-10\/#webpage\",\"url\":\"https:\/\/saec.sp.gov.br\/index.php\/2023\/10\/21\/projeto-de-reforco-na-rua-sao-paulo-10\/\",\"name\":\"PROJETO DE REFOR\\u00c7O NA RUA S\\u00c3O PAULO - SAEC Superintendencia de Agua e Esgoto de Catanduva\",\"isPartOf\":{\"@id\":\"https:\/\/saec.sp.gov.br\/#website\"},\"primaryImageOfPage\":{\"@id\":\"https:\/\/saec.sp.gov.br\/index.php\/2023\/10\/21\/projeto-de-reforco-na-rua-sao-paulo-10\/#primaryimage\"},\"datePublished\":\"2023-10-21T14:26:49+00:00\",\"dateModified\":\"2023-10-23T14:28:00+00:00\",\"author\":{\"@id\":\"https:\/\/saec.sp.gov.br\/#\/schema\/person\/0adeb299f513c0b2fcb1812012e43dea\"},\"inLanguage\":\"pt-BR\",\"potentialAction\":[{\"@type\":\"ReadAction\",\"target\":[\"https:\/\/saec.sp.gov.br\/index.php\/2023\/10\/21\/projeto-de-reforco-na-rua-sao-paulo-10\/\"]}]},{\"@type\":\"Person\",\"@id\":\"https:\/\/saec.sp.gov.br\/#\/schema\/person\/0adeb299f513c0b2fcb1812012e43dea\",\"name\":\"Karla Sibro\"}]}<\/script>\n<!-- \/ Yoast SEO plugin. -->","amp_validity":null,"amp_enabled":true,"_links":{"self":[{"href":"https:\/\/saec.sp.gov.br\/index.php\/wp-json\/wp\/v2\/posts\/7540"}],"collection":[{"href":"https:\/\/saec.sp.gov.br\/index.php\/wp-json\/wp\/v2\/posts"}],"about":[{"href":"https:\/\/saec.sp.gov.br\/index.php\/wp-json\/wp\/v2\/types\/post"}],"author":[{"embeddable":true,"href":"https:\/\/saec.sp.gov.br\/index.php\/wp-json\/wp\/v2\/users\/12"}],"replies":[{"embeddable":true,"href":"https:\/\/saec.sp.gov.br\/index.php\/wp-json\/wp\/v2\/comments?post=7540"}],"version-history":[{"count":1,"href":"https:\/\/saec.sp.gov.br\/index.php\/wp-json\/wp\/v2\/posts\/7540\/revisions"}],"predecessor-version":[{"id":7542,"href":"https:\/\/saec.sp.gov.br\/index.php\/wp-json\/wp\/v2\/posts\/7540\/revisions\/7542"}],"wp:featuredmedia":[{"embeddable":true,"href":"https:\/\/saec.sp.gov.br\/index.php\/wp-json\/wp\/v2\/media\/7541"}],"wp:attachment":[{"href":"https:\/\/saec.sp.gov.br\/index.php\/wp-json\/wp\/v2\/media?parent=7540"}],"wp:term":[{"taxonomy":"category","embeddable":true,"href":"https:\/\/saec.sp.gov.br\/index.php\/wp-json\/wp\/v2\/categories?post=7540"},{"taxonomy":"post_tag","embeddable":true,"href":"https:\/\/saec.sp.gov.br\/index.php\/wp-json\/wp\/v2\/tags?post=7540"}],"curies":[{"name":"wp","href":"https:\/\/api.w.org\/{rel}","templated":true}]}}