{"id":7547,"date":"2023-10-25T11:17:35","date_gmt":"2023-10-25T14:17:35","guid":{"rendered":"http:\/\/saec.sp.gov.br\/?p=7547"},"modified":"2023-10-26T10:54:52","modified_gmt":"2023-10-26T13:54:52","slug":"outubro-rosa-3","status":"publish","type":"post","link":"https:\/\/saec.sp.gov.br\/index.php\/2023\/10\/25\/outubro-rosa-3\/","title":{"rendered":"OUTUBRO ROSA"},"content":{"rendered":"<div class=\"xdj266r x11i5rnm xat24cr x1mh8g0r x1vvkbs x126k92a\">\n<div dir=\"auto\">Previna-se, examine e observe! Manh\u00e3 repleta de conscientiza\u00e7\u00e3o na SAEC. As colaboradoras participaram da palestra de orienta\u00e7\u00e3o e incentivo ao autoexame e cuidados com a sa\u00fade da mulher, nesta quarta-feira, dia 25.<\/div>\n<div dir=\"auto\"><\/div>\n<\/div>\n<div class=\"x11i5rnm xat24cr x1mh8g0r x1vvkbs xtlvy1s x126k92a\">\n<div dir=\"auto\">O m\u00eas dedicado a preven\u00e7\u00e3o ao c\u00e2ncer de mama contou com a presen\u00e7a dos profissionais do curso de medicina da FAMECA e apoio da USF Dr. Carlos Bauab.<\/div>\n<div dir=\"auto\"><\/div>\n<\/div>\n<div class=\"x11i5rnm xat24cr x1mh8g0r x1vvkbs xtlvy1s x126k92a\">\n<div dir=\"auto\">O c\u00e2ncer de mama \u00e9 o segundo tipo mais frequente do mundo. O m\u00eas \u00e9 oportuno para a discuss\u00e3o, mas os cuidados devem ser constantes.<\/div>\n<\/div>\n<div dir=\"auto\"><\/div>\n<div dir=\"auto\">25-10<\/div>\n","protected":false},"excerpt":{"rendered":"<p>Previna-se, examine e observe! Manh\u00e3 repleta de conscientiza\u00e7\u00e3o na SAEC. As colaboradoras participaram da palestra de orienta\u00e7\u00e3o e incentivo ao autoexame e cuidados com a sa\u00fade da mulher, nesta quarta-feira, dia 25. O m\u00eas dedicado a preven\u00e7\u00e3o ao c\u00e2ncer de mama contou com a presen\u00e7a dos profissionais do curso de medicina da FAMECA e apoio [&hellip;]<\/p>\n","protected":false},"author":12,"featured_media":7555,"comment_status":"closed","ping_status":"closed","sticky":false,"template":"","format":"standard","meta":{"footnotes":""},"categories":[41],"tags":[],"yoast_head":"<!-- This site is optimized with the Yoast SEO plugin v15.3 - https:\/\/yoast.com\/wordpress\/plugins\/seo\/ -->\n<title>OUTUBRO ROSA - SAEC Superintendencia de Agua e Esgoto de Catanduva<\/title>\n<meta name=\"robots\" content=\"index, follow, max-snippet:-1, max-image-preview:large, max-video-preview:-1\" \/>\n<link rel=\"canonical\" href=\"https:\/\/saec.sp.gov.br\/index.php\/2023\/10\/25\/outubro-rosa-3\/\" \/>\n<meta property=\"og:locale\" content=\"pt_BR\" \/>\n<meta property=\"og:type\" content=\"article\" \/>\n<meta property=\"og:title\" content=\"OUTUBRO ROSA - SAEC Superintendencia de Agua e Esgoto de Catanduva\" \/>\n<meta property=\"og:description\" content=\"Previna-se, examine e observe! Manh\u00e3 repleta de conscientiza\u00e7\u00e3o na SAEC. As colaboradoras participaram da palestra de orienta\u00e7\u00e3o e incentivo ao autoexame e cuidados com a sa\u00fade da mulher, nesta quarta-feira, dia 25. O m\u00eas dedicado a preven\u00e7\u00e3o ao c\u00e2ncer de mama contou com a presen\u00e7a dos profissionais do curso de medicina da FAMECA e apoio [&hellip;]\" \/>\n<meta property=\"og:url\" content=\"https:\/\/saec.sp.gov.br\/index.php\/2023\/10\/25\/outubro-rosa-3\/\" \/>\n<meta property=\"og:site_name\" content=\"SAEC Superintendencia de Agua e Esgoto de Catanduva\" \/>\n<meta property=\"article:published_time\" content=\"2023-10-25T14:17:35+00:00\" \/>\n<meta property=\"article:modified_time\" content=\"2023-10-26T13:54:52+00:00\" \/>\n<meta property=\"og:image\" content=\"https:\/\/saec.sp.gov.br\/wp-content\/uploads\/2023\/10\/IMG_4144-scaled.jpg\" \/>\n\t<meta property=\"og:image:width\" content=\"2560\" \/>\n\t<meta property=\"og:image:height\" content=\"1117\" \/>\n<meta name=\"twitter:card\" content=\"summary\" \/>\n<meta name=\"twitter:label1\" content=\"Written by\">\n\t<meta name=\"twitter:data1\" content=\"Karla Sibro\">\n\t<meta name=\"twitter:label2\" content=\"Est. reading time\">\n\t<meta name=\"twitter:data2\" content=\"0 minuto\">\n<script type=\"application\/ld+json\" class=\"yoast-schema-graph\">{\"@context\":\"https:\/\/schema.org\",\"@graph\":[{\"@type\":\"WebSite\",\"@id\":\"https:\/\/saec.sp.gov.br\/#website\",\"url\":\"https:\/\/saec.sp.gov.br\/\",\"name\":\"SAEC Superintendencia de Agua e Esgoto de Catanduva\",\"description\":\"SAEC\",\"potentialAction\":[{\"@type\":\"SearchAction\",\"target\":\"https:\/\/saec.sp.gov.br\/?s={search_term_string}\",\"query-input\":\"required name=search_term_string\"}],\"inLanguage\":\"pt-BR\"},{\"@type\":\"ImageObject\",\"@id\":\"https:\/\/saec.sp.gov.br\/index.php\/2023\/10\/25\/outubro-rosa-3\/#primaryimage\",\"inLanguage\":\"pt-BR\",\"url\":\"https:\/\/saec.sp.gov.br\/wp-content\/uploads\/2023\/10\/IMG_4144-scaled.jpg\",\"width\":2560,\"height\":1117},{\"@type\":\"WebPage\",\"@id\":\"https:\/\/saec.sp.gov.br\/index.php\/2023\/10\/25\/outubro-rosa-3\/#webpage\",\"url\":\"https:\/\/saec.sp.gov.br\/index.php\/2023\/10\/25\/outubro-rosa-3\/\",\"name\":\"OUTUBRO ROSA - SAEC Superintendencia de Agua e Esgoto de Catanduva\",\"isPartOf\":{\"@id\":\"https:\/\/saec.sp.gov.br\/#website\"},\"primaryImageOfPage\":{\"@id\":\"https:\/\/saec.sp.gov.br\/index.php\/2023\/10\/25\/outubro-rosa-3\/#primaryimage\"},\"datePublished\":\"2023-10-25T14:17:35+00:00\",\"dateModified\":\"2023-10-26T13:54:52+00:00\",\"author\":{\"@id\":\"https:\/\/saec.sp.gov.br\/#\/schema\/person\/0adeb299f513c0b2fcb1812012e43dea\"},\"inLanguage\":\"pt-BR\",\"potentialAction\":[{\"@type\":\"ReadAction\",\"target\":[\"https:\/\/saec.sp.gov.br\/index.php\/2023\/10\/25\/outubro-rosa-3\/\"]}]},{\"@type\":\"Person\",\"@id\":\"https:\/\/saec.sp.gov.br\/#\/schema\/person\/0adeb299f513c0b2fcb1812012e43dea\",\"name\":\"Karla Sibro\"}]}<\/script>\n<!-- \/ Yoast SEO plugin. -->","amp_validity":null,"amp_enabled":true,"_links":{"self":[{"href":"https:\/\/saec.sp.gov.br\/index.php\/wp-json\/wp\/v2\/posts\/7547"}],"collection":[{"href":"https:\/\/saec.sp.gov.br\/index.php\/wp-json\/wp\/v2\/posts"}],"about":[{"href":"https:\/\/saec.sp.gov.br\/index.php\/wp-json\/wp\/v2\/types\/post"}],"author":[{"embeddable":true,"href":"https:\/\/saec.sp.gov.br\/index.php\/wp-json\/wp\/v2\/users\/12"}],"replies":[{"embeddable":true,"href":"https:\/\/saec.sp.gov.br\/index.php\/wp-json\/wp\/v2\/comments?post=7547"}],"version-history":[{"count":1,"href":"https:\/\/saec.sp.gov.br\/index.php\/wp-json\/wp\/v2\/posts\/7547\/revisions"}],"predecessor-version":[{"id":7549,"href":"https:\/\/saec.sp.gov.br\/index.php\/wp-json\/wp\/v2\/posts\/7547\/revisions\/7549"}],"wp:featuredmedia":[{"embeddable":true,"href":"https:\/\/saec.sp.gov.br\/index.php\/wp-json\/wp\/v2\/media\/7555"}],"wp:attachment":[{"href":"https:\/\/saec.sp.gov.br\/index.php\/wp-json\/wp\/v2\/media?parent=7547"}],"wp:term":[{"taxonomy":"category","embeddable":true,"href":"https:\/\/saec.sp.gov.br\/index.php\/wp-json\/wp\/v2\/categories?post=7547"},{"taxonomy":"post_tag","embeddable":true,"href":"https:\/\/saec.sp.gov.br\/index.php\/wp-json\/wp\/v2\/tags?post=7547"}],"curies":[{"name":"wp","href":"https:\/\/api.w.org\/{rel}","templated":true}]}}