{"id":7590,"date":"2023-11-06T16:39:34","date_gmt":"2023-11-06T19:39:34","guid":{"rendered":"http:\/\/saec.sp.gov.br\/?p=7590"},"modified":"2023-11-06T16:39:34","modified_gmt":"2023-11-06T19:39:34","slug":"interrupcao-programada-no-fornecimento-de-agua-5","status":"publish","type":"post","link":"https:\/\/saec.sp.gov.br\/index.php\/2023\/11\/06\/interrupcao-programada-no-fornecimento-de-agua-5\/","title":{"rendered":"INTERRUP\u00c7\u00c3O PROGRAMADA NO FORNECIMENTO DE \u00c1GUA"},"content":{"rendered":"<p>A SAEC (Superintend\u00eancia de \u00c1gua e Esgoto de Catanduva) informa aos moradores sobre interrup\u00e7\u00e3o PROGRAMADA no fornecimento de \u00e1gua nesta ter\u00e7a-feira, dia 07, a partir das 8h.<\/p>\n<p>Ser\u00e3o atingidos: Vila Bela, Jardim do Bosque, Vila Lunardelli, Altos do Higien\u00f3polis, Vila S\u00e3o Jorge, Jardim do Bosque, Vila Mota e Higien\u00f3polis.<\/p>\n<p>Na ocasi\u00e3o, equipe da autarquia far\u00e1 a substitui\u00e7\u00e3o de pain\u00e9is el\u00e9tricos antigos por um painel novo e mais moderno. Por medida de seguran\u00e7a, a energia da unidade ser\u00e1 desligada para possibilitar os trabalhos. Durante esse per\u00edodo, poder\u00e1 ocorrer desabastecimento de \u00e1gua.<\/p>\n<p>A previs\u00e3o que os servi\u00e7os sejam conclu\u00eddos at\u00e9 \u00e0s 15h30.<\/p>\n<p>A orienta\u00e7\u00e3o \u00e9 para que os moradores economizem \u00e1gua durante o per\u00edodo para que n\u00e3o ocorra desabastecimento.<\/p>\n<p>&nbsp;<\/p>\n<p>6\/11<\/p>\n","protected":false},"excerpt":{"rendered":"<p>A SAEC (Superintend\u00eancia de \u00c1gua e Esgoto de Catanduva) informa aos moradores sobre interrup\u00e7\u00e3o PROGRAMADA no fornecimento de \u00e1gua nesta ter\u00e7a-feira, dia 07, a partir das 8h. Ser\u00e3o atingidos: Vila Bela, Jardim do Bosque, Vila Lunardelli, Altos do Higien\u00f3polis, Vila S\u00e3o Jorge, Jardim do Bosque, Vila Mota e Higien\u00f3polis. Na ocasi\u00e3o, equipe da autarquia far\u00e1 [&hellip;]<\/p>\n","protected":false},"author":12,"featured_media":7497,"comment_status":"closed","ping_status":"closed","sticky":false,"template":"","format":"standard","meta":{"footnotes":""},"categories":[41],"tags":[],"yoast_head":"<!-- This site is optimized with the Yoast SEO plugin v15.3 - https:\/\/yoast.com\/wordpress\/plugins\/seo\/ -->\n<title>INTERRUP\u00c7\u00c3O PROGRAMADA NO FORNECIMENTO DE \u00c1GUA - SAEC Superintendencia de Agua e Esgoto de Catanduva<\/title>\n<meta name=\"robots\" content=\"index, follow, max-snippet:-1, max-image-preview:large, max-video-preview:-1\" \/>\n<link rel=\"canonical\" href=\"https:\/\/saec.sp.gov.br\/index.php\/2023\/11\/06\/interrupcao-programada-no-fornecimento-de-agua-5\/\" \/>\n<meta property=\"og:locale\" content=\"pt_BR\" \/>\n<meta property=\"og:type\" content=\"article\" \/>\n<meta property=\"og:title\" content=\"INTERRUP\u00c7\u00c3O PROGRAMADA NO FORNECIMENTO DE \u00c1GUA - SAEC Superintendencia de Agua e Esgoto de Catanduva\" \/>\n<meta property=\"og:description\" content=\"A SAEC (Superintend\u00eancia de \u00c1gua e Esgoto de Catanduva) informa aos moradores sobre interrup\u00e7\u00e3o PROGRAMADA no fornecimento de \u00e1gua nesta ter\u00e7a-feira, dia 07, a partir das 8h. Ser\u00e3o atingidos: Vila Bela, Jardim do Bosque, Vila Lunardelli, Altos do Higien\u00f3polis, Vila S\u00e3o Jorge, Jardim do Bosque, Vila Mota e Higien\u00f3polis. Na ocasi\u00e3o, equipe da autarquia far\u00e1 [&hellip;]\" \/>\n<meta property=\"og:url\" content=\"https:\/\/saec.sp.gov.br\/index.php\/2023\/11\/06\/interrupcao-programada-no-fornecimento-de-agua-5\/\" \/>\n<meta property=\"og:site_name\" content=\"SAEC Superintendencia de Agua e Esgoto de Catanduva\" \/>\n<meta property=\"article:published_time\" content=\"2023-11-06T19:39:34+00:00\" \/>\n<meta property=\"og:image\" content=\"https:\/\/saec.sp.gov.br\/wp-content\/uploads\/2023\/10\/sem-agua.jpg\" \/>\n\t<meta property=\"og:image:width\" content=\"1080\" \/>\n\t<meta property=\"og:image:height\" content=\"1080\" \/>\n<meta name=\"twitter:card\" content=\"summary\" \/>\n<meta name=\"twitter:label1\" content=\"Written by\">\n\t<meta name=\"twitter:data1\" content=\"Karla Sibro\">\n\t<meta name=\"twitter:label2\" content=\"Est. reading time\">\n\t<meta name=\"twitter:data2\" content=\"1 minuto\">\n<script type=\"application\/ld+json\" class=\"yoast-schema-graph\">{\"@context\":\"https:\/\/schema.org\",\"@graph\":[{\"@type\":\"WebSite\",\"@id\":\"https:\/\/saec.sp.gov.br\/#website\",\"url\":\"https:\/\/saec.sp.gov.br\/\",\"name\":\"SAEC Superintendencia de Agua e Esgoto de Catanduva\",\"description\":\"SAEC\",\"potentialAction\":[{\"@type\":\"SearchAction\",\"target\":\"https:\/\/saec.sp.gov.br\/?s={search_term_string}\",\"query-input\":\"required name=search_term_string\"}],\"inLanguage\":\"pt-BR\"},{\"@type\":\"ImageObject\",\"@id\":\"https:\/\/saec.sp.gov.br\/index.php\/2023\/11\/06\/interrupcao-programada-no-fornecimento-de-agua-5\/#primaryimage\",\"inLanguage\":\"pt-BR\",\"url\":\"https:\/\/saec.sp.gov.br\/wp-content\/uploads\/2023\/10\/sem-agua.jpg\",\"width\":1080,\"height\":1080},{\"@type\":\"WebPage\",\"@id\":\"https:\/\/saec.sp.gov.br\/index.php\/2023\/11\/06\/interrupcao-programada-no-fornecimento-de-agua-5\/#webpage\",\"url\":\"https:\/\/saec.sp.gov.br\/index.php\/2023\/11\/06\/interrupcao-programada-no-fornecimento-de-agua-5\/\",\"name\":\"INTERRUP\\u00c7\\u00c3O PROGRAMADA NO FORNECIMENTO DE \\u00c1GUA - SAEC Superintendencia de Agua e Esgoto de Catanduva\",\"isPartOf\":{\"@id\":\"https:\/\/saec.sp.gov.br\/#website\"},\"primaryImageOfPage\":{\"@id\":\"https:\/\/saec.sp.gov.br\/index.php\/2023\/11\/06\/interrupcao-programada-no-fornecimento-de-agua-5\/#primaryimage\"},\"datePublished\":\"2023-11-06T19:39:34+00:00\",\"dateModified\":\"2023-11-06T19:39:34+00:00\",\"author\":{\"@id\":\"https:\/\/saec.sp.gov.br\/#\/schema\/person\/0adeb299f513c0b2fcb1812012e43dea\"},\"inLanguage\":\"pt-BR\",\"potentialAction\":[{\"@type\":\"ReadAction\",\"target\":[\"https:\/\/saec.sp.gov.br\/index.php\/2023\/11\/06\/interrupcao-programada-no-fornecimento-de-agua-5\/\"]}]},{\"@type\":\"Person\",\"@id\":\"https:\/\/saec.sp.gov.br\/#\/schema\/person\/0adeb299f513c0b2fcb1812012e43dea\",\"name\":\"Karla Sibro\"}]}<\/script>\n<!-- \/ Yoast SEO plugin. -->","amp_validity":null,"amp_enabled":true,"_links":{"self":[{"href":"https:\/\/saec.sp.gov.br\/index.php\/wp-json\/wp\/v2\/posts\/7590"}],"collection":[{"href":"https:\/\/saec.sp.gov.br\/index.php\/wp-json\/wp\/v2\/posts"}],"about":[{"href":"https:\/\/saec.sp.gov.br\/index.php\/wp-json\/wp\/v2\/types\/post"}],"author":[{"embeddable":true,"href":"https:\/\/saec.sp.gov.br\/index.php\/wp-json\/wp\/v2\/users\/12"}],"replies":[{"embeddable":true,"href":"https:\/\/saec.sp.gov.br\/index.php\/wp-json\/wp\/v2\/comments?post=7590"}],"version-history":[{"count":2,"href":"https:\/\/saec.sp.gov.br\/index.php\/wp-json\/wp\/v2\/posts\/7590\/revisions"}],"predecessor-version":[{"id":7592,"href":"https:\/\/saec.sp.gov.br\/index.php\/wp-json\/wp\/v2\/posts\/7590\/revisions\/7592"}],"wp:featuredmedia":[{"embeddable":true,"href":"https:\/\/saec.sp.gov.br\/index.php\/wp-json\/wp\/v2\/media\/7497"}],"wp:attachment":[{"href":"https:\/\/saec.sp.gov.br\/index.php\/wp-json\/wp\/v2\/media?parent=7590"}],"wp:term":[{"taxonomy":"category","embeddable":true,"href":"https:\/\/saec.sp.gov.br\/index.php\/wp-json\/wp\/v2\/categories?post=7590"},{"taxonomy":"post_tag","embeddable":true,"href":"https:\/\/saec.sp.gov.br\/index.php\/wp-json\/wp\/v2\/tags?post=7590"}],"curies":[{"name":"wp","href":"https:\/\/api.w.org\/{rel}","templated":true}]}}