{"id":7594,"date":"2023-11-09T11:19:42","date_gmt":"2023-11-09T14:19:42","guid":{"rendered":"http:\/\/saec.sp.gov.br\/?p=7594"},"modified":"2023-11-09T11:20:21","modified_gmt":"2023-11-09T14:20:21","slug":"projeto-de-reforco-na-rua-sao-paulo-12","status":"publish","type":"post","link":"https:\/\/saec.sp.gov.br\/index.php\/2023\/11\/09\/projeto-de-reforco-na-rua-sao-paulo-12\/","title":{"rendered":"PROJETO DE REFOR\u00c7O NA RUA S\u00c3O PAULO"},"content":{"rendered":"<div class=\"xdj266r x11i5rnm xat24cr x1mh8g0r x1vvkbs x126k92a\">\n<div dir=\"auto\">18h &#8211; Equipes da Saec fecham a ter\u00e7a-feira, dia 7, com avan\u00e7o na interven\u00e7\u00e3o da Rua S\u00e3o Paulo entre as ruas Rio Grande do Sul e Santa Catarina. Hoje, os servi\u00e7os no sistema de drenagem e o po\u00e7o de visita, neste trecho, foram finalizados com sucesso.<\/div>\n<div dir=\"auto\"><\/div>\n<\/div>\n<div class=\"x11i5rnm xat24cr x1mh8g0r x1vvkbs xtlvy1s x126k92a\">\n<div dir=\"auto\">Nesta quarta, a obra de galerias de \u00e1guas pluviais abranger\u00e1 outro ponto da via. A rua Santa Catarina, no sentido bairro-centro, estar\u00e1 parcialmente liberada para o tr\u00e2nsito de ve\u00edculos. A autarquia orienta os condutores para evitar o trecho.<\/div>\n<div dir=\"auto\"><\/div>\n<\/div>\n<div class=\"x11i5rnm xat24cr x1mh8g0r x1vvkbs xtlvy1s x126k92a\">\n<div dir=\"auto\">A obra faz parte do pacote de investimentos da Prefeitura e da SAEC. \u00c9 Catanduva com mais qualidade de vida e infraestrutura.<\/div>\n<div dir=\"auto\"><\/div>\n<\/div>\n<div class=\"x11i5rnm xat24cr x1mh8g0r x1vvkbs xtlvy1s x126k92a\">\n<div dir=\"auto\">A SAEC pede desculpas pelos transtornos e pede ainda a compreens\u00e3o de todos. S\u00e3o melhorias necess\u00e1rias para o bairro.<\/div>\n<div dir=\"auto\"><\/div>\n<\/div>\n<div class=\"x11i5rnm xat24cr x1mh8g0r x1vvkbs xtlvy1s x126k92a\">\n<div dir=\"auto\">7-11<\/div>\n<\/div>\n","protected":false},"excerpt":{"rendered":"<p>18h &#8211; Equipes da Saec fecham a ter\u00e7a-feira, dia 7, com avan\u00e7o na interven\u00e7\u00e3o da Rua S\u00e3o Paulo entre as ruas Rio Grande do Sul e Santa Catarina. Hoje, os servi\u00e7os no sistema de drenagem e o po\u00e7o de visita, neste trecho, foram finalizados com sucesso. Nesta quarta, a obra de galerias de \u00e1guas pluviais [&hellip;]<\/p>\n","protected":false},"author":12,"featured_media":7595,"comment_status":"closed","ping_status":"closed","sticky":false,"template":"","format":"standard","meta":{"footnotes":""},"categories":[41],"tags":[],"yoast_head":"<!-- This site is optimized with the Yoast SEO plugin v15.3 - https:\/\/yoast.com\/wordpress\/plugins\/seo\/ -->\n<title>PROJETO DE REFOR\u00c7O NA RUA S\u00c3O PAULO - SAEC Superintendencia de Agua e Esgoto de Catanduva<\/title>\n<meta name=\"robots\" content=\"index, follow, max-snippet:-1, max-image-preview:large, max-video-preview:-1\" \/>\n<link rel=\"canonical\" href=\"https:\/\/saec.sp.gov.br\/index.php\/2023\/11\/09\/projeto-de-reforco-na-rua-sao-paulo-12\/\" \/>\n<meta property=\"og:locale\" content=\"pt_BR\" \/>\n<meta property=\"og:type\" content=\"article\" \/>\n<meta property=\"og:title\" content=\"PROJETO DE REFOR\u00c7O NA RUA S\u00c3O PAULO - SAEC Superintendencia de Agua e Esgoto de Catanduva\" \/>\n<meta property=\"og:description\" content=\"18h &#8211; Equipes da Saec fecham a ter\u00e7a-feira, dia 7, com avan\u00e7o na interven\u00e7\u00e3o da Rua S\u00e3o Paulo entre as ruas Rio Grande do Sul e Santa Catarina. Hoje, os servi\u00e7os no sistema de drenagem e o po\u00e7o de visita, neste trecho, foram finalizados com sucesso. Nesta quarta, a obra de galerias de \u00e1guas pluviais [&hellip;]\" \/>\n<meta property=\"og:url\" content=\"https:\/\/saec.sp.gov.br\/index.php\/2023\/11\/09\/projeto-de-reforco-na-rua-sao-paulo-12\/\" \/>\n<meta property=\"og:site_name\" content=\"SAEC Superintendencia de Agua e Esgoto de Catanduva\" \/>\n<meta property=\"article:published_time\" content=\"2023-11-09T14:19:42+00:00\" \/>\n<meta property=\"article:modified_time\" content=\"2023-11-09T14:20:21+00:00\" \/>\n<meta property=\"og:image\" content=\"https:\/\/saec.sp.gov.br\/wp-content\/uploads\/2023\/11\/1-6.jpg\" \/>\n\t<meta property=\"og:image:width\" content=\"2048\" \/>\n\t<meta property=\"og:image:height\" content=\"1365\" \/>\n<meta name=\"twitter:card\" content=\"summary\" \/>\n<meta name=\"twitter:label1\" content=\"Written by\">\n\t<meta name=\"twitter:data1\" content=\"Karla Sibro\">\n\t<meta name=\"twitter:label2\" content=\"Est. reading time\">\n\t<meta name=\"twitter:data2\" content=\"1 minuto\">\n<script type=\"application\/ld+json\" class=\"yoast-schema-graph\">{\"@context\":\"https:\/\/schema.org\",\"@graph\":[{\"@type\":\"WebSite\",\"@id\":\"https:\/\/saec.sp.gov.br\/#website\",\"url\":\"https:\/\/saec.sp.gov.br\/\",\"name\":\"SAEC Superintendencia de Agua e Esgoto de Catanduva\",\"description\":\"SAEC\",\"potentialAction\":[{\"@type\":\"SearchAction\",\"target\":\"https:\/\/saec.sp.gov.br\/?s={search_term_string}\",\"query-input\":\"required name=search_term_string\"}],\"inLanguage\":\"pt-BR\"},{\"@type\":\"ImageObject\",\"@id\":\"https:\/\/saec.sp.gov.br\/index.php\/2023\/11\/09\/projeto-de-reforco-na-rua-sao-paulo-12\/#primaryimage\",\"inLanguage\":\"pt-BR\",\"url\":\"https:\/\/saec.sp.gov.br\/wp-content\/uploads\/2023\/11\/1-6.jpg\",\"width\":2048,\"height\":1365},{\"@type\":\"WebPage\",\"@id\":\"https:\/\/saec.sp.gov.br\/index.php\/2023\/11\/09\/projeto-de-reforco-na-rua-sao-paulo-12\/#webpage\",\"url\":\"https:\/\/saec.sp.gov.br\/index.php\/2023\/11\/09\/projeto-de-reforco-na-rua-sao-paulo-12\/\",\"name\":\"PROJETO DE REFOR\\u00c7O NA RUA S\\u00c3O PAULO - SAEC Superintendencia de Agua e Esgoto de Catanduva\",\"isPartOf\":{\"@id\":\"https:\/\/saec.sp.gov.br\/#website\"},\"primaryImageOfPage\":{\"@id\":\"https:\/\/saec.sp.gov.br\/index.php\/2023\/11\/09\/projeto-de-reforco-na-rua-sao-paulo-12\/#primaryimage\"},\"datePublished\":\"2023-11-09T14:19:42+00:00\",\"dateModified\":\"2023-11-09T14:20:21+00:00\",\"author\":{\"@id\":\"https:\/\/saec.sp.gov.br\/#\/schema\/person\/0adeb299f513c0b2fcb1812012e43dea\"},\"inLanguage\":\"pt-BR\",\"potentialAction\":[{\"@type\":\"ReadAction\",\"target\":[\"https:\/\/saec.sp.gov.br\/index.php\/2023\/11\/09\/projeto-de-reforco-na-rua-sao-paulo-12\/\"]}]},{\"@type\":\"Person\",\"@id\":\"https:\/\/saec.sp.gov.br\/#\/schema\/person\/0adeb299f513c0b2fcb1812012e43dea\",\"name\":\"Karla Sibro\"}]}<\/script>\n<!-- \/ Yoast SEO plugin. -->","amp_validity":null,"amp_enabled":true,"_links":{"self":[{"href":"https:\/\/saec.sp.gov.br\/index.php\/wp-json\/wp\/v2\/posts\/7594"}],"collection":[{"href":"https:\/\/saec.sp.gov.br\/index.php\/wp-json\/wp\/v2\/posts"}],"about":[{"href":"https:\/\/saec.sp.gov.br\/index.php\/wp-json\/wp\/v2\/types\/post"}],"author":[{"embeddable":true,"href":"https:\/\/saec.sp.gov.br\/index.php\/wp-json\/wp\/v2\/users\/12"}],"replies":[{"embeddable":true,"href":"https:\/\/saec.sp.gov.br\/index.php\/wp-json\/wp\/v2\/comments?post=7594"}],"version-history":[{"count":2,"href":"https:\/\/saec.sp.gov.br\/index.php\/wp-json\/wp\/v2\/posts\/7594\/revisions"}],"predecessor-version":[{"id":7597,"href":"https:\/\/saec.sp.gov.br\/index.php\/wp-json\/wp\/v2\/posts\/7594\/revisions\/7597"}],"wp:featuredmedia":[{"embeddable":true,"href":"https:\/\/saec.sp.gov.br\/index.php\/wp-json\/wp\/v2\/media\/7595"}],"wp:attachment":[{"href":"https:\/\/saec.sp.gov.br\/index.php\/wp-json\/wp\/v2\/media?parent=7594"}],"wp:term":[{"taxonomy":"category","embeddable":true,"href":"https:\/\/saec.sp.gov.br\/index.php\/wp-json\/wp\/v2\/categories?post=7594"},{"taxonomy":"post_tag","embeddable":true,"href":"https:\/\/saec.sp.gov.br\/index.php\/wp-json\/wp\/v2\/tags?post=7594"}],"curies":[{"name":"wp","href":"https:\/\/api.w.org\/{rel}","templated":true}]}}