{"id":7604,"date":"2023-11-13T13:47:08","date_gmt":"2023-11-13T16:47:08","guid":{"rendered":"http:\/\/saec.sp.gov.br\/?p=7604"},"modified":"2023-11-13T13:47:08","modified_gmt":"2023-11-13T16:47:08","slug":"teste-de-vazao-de-agua-2","status":"publish","type":"post","link":"https:\/\/saec.sp.gov.br\/index.php\/2023\/11\/13\/teste-de-vazao-de-agua-2\/","title":{"rendered":"TESTE DE VAZ\u00c3O DE \u00c1GUA"},"content":{"rendered":"<div class=\"xdj266r x11i5rnm xat24cr x1mh8g0r x1vvkbs x126k92a\">\n<div dir=\"auto\"><span class=\"x3nfvp2 x1j61x8r x1fcty0u xdj266r xhhsvwb xat24cr xgzva0m xxymvpz xlup9mm x1kky2od\">A SAEC iniciar\u00e1 os testes de vaz\u00e3o de \u00e1gua no po\u00e7o da Unidade de Capta\u00e7\u00e3o Barro Preto, denominada UC-5, neste final de semana.<\/span><\/div>\n<\/div>\n<div class=\"x11i5rnm xat24cr x1mh8g0r x1vvkbs xtlvy1s x126k92a\">\n<div dir=\"auto\"><\/div>\n<div dir=\"auto\">S\u00e1bado, dia 11, das 8h \u00e0s 16 horas<\/div>\n<div dir=\"auto\"><\/div>\n<div dir=\"auto\">domingo, dia 12, das 8h at\u00e9 \u00e0s 8h, da segunda, dia 13<\/div>\n<\/div>\n<div class=\"x11i5rnm xat24cr x1mh8g0r x1vvkbs xtlvy1s x126k92a\">\n<div dir=\"auto\"><\/div>\n<div dir=\"auto\">Para maior seguran\u00e7a e organiza\u00e7\u00e3o do tr\u00e2nsito, ao redor das interven\u00e7\u00f5es, a orienta\u00e7\u00e3o \u00e9 que os motoristas utilizarem rotas alternativas.<\/div>\n<\/div>\n<div class=\"x11i5rnm xat24cr x1mh8g0r x1vvkbs xtlvy1s x126k92a\">\n<div dir=\"auto\"><\/div>\n<div dir=\"auto\">A UC-5 est\u00e1 localizada na avenida Urany Marques de Souza, no Parque Jos\u00e9 Cury. A avenida ficar\u00e1 interditada entre as rua Martin\u00f3polis e Cruzeiro do Sul.<\/div>\n<div dir=\"auto\"><\/div>\n<\/div>\n<div class=\"x11i5rnm xat24cr x1mh8g0r x1vvkbs xtlvy1s x126k92a\">\n<div dir=\"auto\"><\/div>\n<\/div>\n","protected":false},"excerpt":{"rendered":"<p>A SAEC iniciar\u00e1 os testes de vaz\u00e3o de \u00e1gua no po\u00e7o da Unidade de Capta\u00e7\u00e3o Barro Preto, denominada UC-5, neste final de semana. S\u00e1bado, dia 11, das 8h \u00e0s 16 horas domingo, dia 12, das 8h at\u00e9 \u00e0s 8h, da segunda, dia 13 Para maior seguran\u00e7a e organiza\u00e7\u00e3o do tr\u00e2nsito, ao redor das interven\u00e7\u00f5es, a [&hellip;]<\/p>\n","protected":false},"author":12,"featured_media":7605,"comment_status":"closed","ping_status":"closed","sticky":false,"template":"","format":"standard","meta":{"footnotes":""},"categories":[41],"tags":[],"yoast_head":"<!-- This site is optimized with the Yoast SEO plugin v15.3 - https:\/\/yoast.com\/wordpress\/plugins\/seo\/ -->\n<title>TESTE DE VAZ\u00c3O DE \u00c1GUA - SAEC Superintendencia de Agua e Esgoto de Catanduva<\/title>\n<meta name=\"robots\" content=\"index, follow, max-snippet:-1, max-image-preview:large, max-video-preview:-1\" \/>\n<link rel=\"canonical\" href=\"https:\/\/saec.sp.gov.br\/index.php\/2023\/11\/13\/teste-de-vazao-de-agua-2\/\" \/>\n<meta property=\"og:locale\" content=\"pt_BR\" \/>\n<meta property=\"og:type\" content=\"article\" \/>\n<meta property=\"og:title\" content=\"TESTE DE VAZ\u00c3O DE \u00c1GUA - SAEC Superintendencia de Agua e Esgoto de Catanduva\" \/>\n<meta property=\"og:description\" content=\"A SAEC iniciar\u00e1 os testes de vaz\u00e3o de \u00e1gua no po\u00e7o da Unidade de Capta\u00e7\u00e3o Barro Preto, denominada UC-5, neste final de semana. S\u00e1bado, dia 11, das 8h \u00e0s 16 horas domingo, dia 12, das 8h at\u00e9 \u00e0s 8h, da segunda, dia 13 Para maior seguran\u00e7a e organiza\u00e7\u00e3o do tr\u00e2nsito, ao redor das interven\u00e7\u00f5es, a [&hellip;]\" \/>\n<meta property=\"og:url\" content=\"https:\/\/saec.sp.gov.br\/index.php\/2023\/11\/13\/teste-de-vazao-de-agua-2\/\" \/>\n<meta property=\"og:site_name\" content=\"SAEC Superintendencia de Agua e Esgoto de Catanduva\" \/>\n<meta property=\"article:published_time\" content=\"2023-11-13T16:47:08+00:00\" \/>\n<meta property=\"og:image\" content=\"https:\/\/saec.sp.gov.br\/wp-content\/uploads\/2023\/11\/1-8.jpg\" \/>\n\t<meta property=\"og:image:width\" content=\"1600\" \/>\n\t<meta property=\"og:image:height\" content=\"1066\" \/>\n<meta name=\"twitter:card\" content=\"summary\" \/>\n<meta name=\"twitter:label1\" content=\"Written by\">\n\t<meta name=\"twitter:data1\" content=\"Karla Sibro\">\n\t<meta name=\"twitter:label2\" content=\"Est. reading time\">\n\t<meta name=\"twitter:data2\" content=\"0 minuto\">\n<script type=\"application\/ld+json\" class=\"yoast-schema-graph\">{\"@context\":\"https:\/\/schema.org\",\"@graph\":[{\"@type\":\"WebSite\",\"@id\":\"https:\/\/saec.sp.gov.br\/#website\",\"url\":\"https:\/\/saec.sp.gov.br\/\",\"name\":\"SAEC Superintendencia de Agua e Esgoto de Catanduva\",\"description\":\"SAEC\",\"potentialAction\":[{\"@type\":\"SearchAction\",\"target\":\"https:\/\/saec.sp.gov.br\/?s={search_term_string}\",\"query-input\":\"required name=search_term_string\"}],\"inLanguage\":\"pt-BR\"},{\"@type\":\"ImageObject\",\"@id\":\"https:\/\/saec.sp.gov.br\/index.php\/2023\/11\/13\/teste-de-vazao-de-agua-2\/#primaryimage\",\"inLanguage\":\"pt-BR\",\"url\":\"https:\/\/saec.sp.gov.br\/wp-content\/uploads\/2023\/11\/1-8.jpg\",\"width\":1600,\"height\":1066},{\"@type\":\"WebPage\",\"@id\":\"https:\/\/saec.sp.gov.br\/index.php\/2023\/11\/13\/teste-de-vazao-de-agua-2\/#webpage\",\"url\":\"https:\/\/saec.sp.gov.br\/index.php\/2023\/11\/13\/teste-de-vazao-de-agua-2\/\",\"name\":\"TESTE DE VAZ\\u00c3O DE \\u00c1GUA - SAEC Superintendencia de Agua e Esgoto de Catanduva\",\"isPartOf\":{\"@id\":\"https:\/\/saec.sp.gov.br\/#website\"},\"primaryImageOfPage\":{\"@id\":\"https:\/\/saec.sp.gov.br\/index.php\/2023\/11\/13\/teste-de-vazao-de-agua-2\/#primaryimage\"},\"datePublished\":\"2023-11-13T16:47:08+00:00\",\"dateModified\":\"2023-11-13T16:47:08+00:00\",\"author\":{\"@id\":\"https:\/\/saec.sp.gov.br\/#\/schema\/person\/0adeb299f513c0b2fcb1812012e43dea\"},\"inLanguage\":\"pt-BR\",\"potentialAction\":[{\"@type\":\"ReadAction\",\"target\":[\"https:\/\/saec.sp.gov.br\/index.php\/2023\/11\/13\/teste-de-vazao-de-agua-2\/\"]}]},{\"@type\":\"Person\",\"@id\":\"https:\/\/saec.sp.gov.br\/#\/schema\/person\/0adeb299f513c0b2fcb1812012e43dea\",\"name\":\"Karla Sibro\"}]}<\/script>\n<!-- \/ Yoast SEO plugin. -->","amp_validity":null,"amp_enabled":true,"_links":{"self":[{"href":"https:\/\/saec.sp.gov.br\/index.php\/wp-json\/wp\/v2\/posts\/7604"}],"collection":[{"href":"https:\/\/saec.sp.gov.br\/index.php\/wp-json\/wp\/v2\/posts"}],"about":[{"href":"https:\/\/saec.sp.gov.br\/index.php\/wp-json\/wp\/v2\/types\/post"}],"author":[{"embeddable":true,"href":"https:\/\/saec.sp.gov.br\/index.php\/wp-json\/wp\/v2\/users\/12"}],"replies":[{"embeddable":true,"href":"https:\/\/saec.sp.gov.br\/index.php\/wp-json\/wp\/v2\/comments?post=7604"}],"version-history":[{"count":1,"href":"https:\/\/saec.sp.gov.br\/index.php\/wp-json\/wp\/v2\/posts\/7604\/revisions"}],"predecessor-version":[{"id":7606,"href":"https:\/\/saec.sp.gov.br\/index.php\/wp-json\/wp\/v2\/posts\/7604\/revisions\/7606"}],"wp:featuredmedia":[{"embeddable":true,"href":"https:\/\/saec.sp.gov.br\/index.php\/wp-json\/wp\/v2\/media\/7605"}],"wp:attachment":[{"href":"https:\/\/saec.sp.gov.br\/index.php\/wp-json\/wp\/v2\/media?parent=7604"}],"wp:term":[{"taxonomy":"category","embeddable":true,"href":"https:\/\/saec.sp.gov.br\/index.php\/wp-json\/wp\/v2\/categories?post=7604"},{"taxonomy":"post_tag","embeddable":true,"href":"https:\/\/saec.sp.gov.br\/index.php\/wp-json\/wp\/v2\/tags?post=7604"}],"curies":[{"name":"wp","href":"https:\/\/api.w.org\/{rel}","templated":true}]}}