{"id":7607,"date":"2023-11-13T13:49:00","date_gmt":"2023-11-13T16:49:00","guid":{"rendered":"http:\/\/saec.sp.gov.br\/?p=7607"},"modified":"2023-11-13T13:49:00","modified_gmt":"2023-11-13T16:49:00","slug":"teste-de-vazao-de-agua-3","status":"publish","type":"post","link":"https:\/\/saec.sp.gov.br\/index.php\/2023\/11\/13\/teste-de-vazao-de-agua-3\/","title":{"rendered":"TESTE DE VAZ\u00c3O DE \u00c1GUA"},"content":{"rendered":"<div class=\"xdj266r x11i5rnm xat24cr x1mh8g0r x1vvkbs x126k92a\">\n<div dir=\"auto\"><span class=\"x3nfvp2 x1j61x8r x1fcty0u xdj266r xhhsvwb xat24cr xgzva0m xxymvpz xlup9mm x1kky2od\">8h &#8211; Iniciou o teste de vaz\u00e3o de \u00e1gua do po\u00e7o da Unidade de Capta\u00e7\u00e3o Barro Preto, denominada de UC-5, no Parque Jos\u00e9 Cury, neste s\u00e1bado, dia 11.<\/span><\/div>\n<div dir=\"auto\"><\/div>\n<\/div>\n<div class=\"x11i5rnm xat24cr x1mh8g0r x1vvkbs xtlvy1s x126k92a\">\n<div dir=\"auto\">Etapa importante para analisar o n\u00edvel de vaz\u00e3o de explora\u00e7\u00e3o do po\u00e7o do aqu\u00edfero Guarani.. O teste vai terminar \u00e0s 8h de segunda-feira, dia 13.<\/div>\n<\/div>\n<div class=\"x11i5rnm xat24cr x1mh8g0r x1vvkbs xtlvy1s x126k92a\">\n<div dir=\"auto\">A UC-5 est\u00e1 localizada na avenida Urany Marques de Souza entre as ruas Martin\u00f3polis e Cruzeiro do Sul. Para realiza\u00e7\u00e3o dos trabalhos, o trecho est\u00e1 interditado.<\/div>\n<div dir=\"auto\"><\/div>\n<\/div>\n<div class=\"x11i5rnm xat24cr x1mh8g0r x1vvkbs xtlvy1s x126k92a\">\n<div dir=\"auto\">A autarquia orienta os condutores a procurarem por rotas alternativas durante os trabalhos.<\/div>\n<div dir=\"auto\"><\/div>\n<\/div>\n<div class=\"x11i5rnm xat24cr x1mh8g0r x1vvkbs xtlvy1s x126k92a\">\n<div dir=\"auto\">13-11<\/div>\n<\/div>\n","protected":false},"excerpt":{"rendered":"<p>8h &#8211; Iniciou o teste de vaz\u00e3o de \u00e1gua do po\u00e7o da Unidade de Capta\u00e7\u00e3o Barro Preto, denominada de UC-5, no Parque Jos\u00e9 Cury, neste s\u00e1bado, dia 11. Etapa importante para analisar o n\u00edvel de vaz\u00e3o de explora\u00e7\u00e3o do po\u00e7o do aqu\u00edfero Guarani.. O teste vai terminar \u00e0s 8h de segunda-feira, dia 13. A UC-5 [&hellip;]<\/p>\n","protected":false},"author":12,"featured_media":7608,"comment_status":"closed","ping_status":"closed","sticky":false,"template":"","format":"standard","meta":{"footnotes":""},"categories":[41],"tags":[],"yoast_head":"<!-- This site is optimized with the Yoast SEO plugin v15.3 - https:\/\/yoast.com\/wordpress\/plugins\/seo\/ -->\n<title>TESTE DE VAZ\u00c3O DE \u00c1GUA - SAEC Superintendencia de Agua e Esgoto de Catanduva<\/title>\n<meta name=\"robots\" content=\"index, follow, max-snippet:-1, max-image-preview:large, max-video-preview:-1\" \/>\n<link rel=\"canonical\" href=\"https:\/\/saec.sp.gov.br\/index.php\/2023\/11\/13\/teste-de-vazao-de-agua-3\/\" \/>\n<meta property=\"og:locale\" content=\"pt_BR\" \/>\n<meta property=\"og:type\" content=\"article\" \/>\n<meta property=\"og:title\" content=\"TESTE DE VAZ\u00c3O DE \u00c1GUA - SAEC Superintendencia de Agua e Esgoto de Catanduva\" \/>\n<meta property=\"og:description\" content=\"8h &#8211; Iniciou o teste de vaz\u00e3o de \u00e1gua do po\u00e7o da Unidade de Capta\u00e7\u00e3o Barro Preto, denominada de UC-5, no Parque Jos\u00e9 Cury, neste s\u00e1bado, dia 11. Etapa importante para analisar o n\u00edvel de vaz\u00e3o de explora\u00e7\u00e3o do po\u00e7o do aqu\u00edfero Guarani.. O teste vai terminar \u00e0s 8h de segunda-feira, dia 13. A UC-5 [&hellip;]\" \/>\n<meta property=\"og:url\" content=\"https:\/\/saec.sp.gov.br\/index.php\/2023\/11\/13\/teste-de-vazao-de-agua-3\/\" \/>\n<meta property=\"og:site_name\" content=\"SAEC Superintendencia de Agua e Esgoto de Catanduva\" \/>\n<meta property=\"article:published_time\" content=\"2023-11-13T16:49:00+00:00\" \/>\n<meta property=\"og:image\" content=\"https:\/\/saec.sp.gov.br\/wp-content\/uploads\/2023\/11\/1-9.jpg\" \/>\n\t<meta property=\"og:image:width\" content=\"768\" \/>\n\t<meta property=\"og:image:height\" content=\"768\" \/>\n<meta name=\"twitter:card\" content=\"summary\" \/>\n<meta name=\"twitter:label1\" content=\"Written by\">\n\t<meta name=\"twitter:data1\" content=\"Karla Sibro\">\n\t<meta name=\"twitter:label2\" content=\"Est. reading time\">\n\t<meta name=\"twitter:data2\" content=\"0 minuto\">\n<script type=\"application\/ld+json\" class=\"yoast-schema-graph\">{\"@context\":\"https:\/\/schema.org\",\"@graph\":[{\"@type\":\"WebSite\",\"@id\":\"https:\/\/saec.sp.gov.br\/#website\",\"url\":\"https:\/\/saec.sp.gov.br\/\",\"name\":\"SAEC Superintendencia de Agua e Esgoto de Catanduva\",\"description\":\"SAEC\",\"potentialAction\":[{\"@type\":\"SearchAction\",\"target\":\"https:\/\/saec.sp.gov.br\/?s={search_term_string}\",\"query-input\":\"required name=search_term_string\"}],\"inLanguage\":\"pt-BR\"},{\"@type\":\"ImageObject\",\"@id\":\"https:\/\/saec.sp.gov.br\/index.php\/2023\/11\/13\/teste-de-vazao-de-agua-3\/#primaryimage\",\"inLanguage\":\"pt-BR\",\"url\":\"https:\/\/saec.sp.gov.br\/wp-content\/uploads\/2023\/11\/1-9.jpg\",\"width\":768,\"height\":768},{\"@type\":\"WebPage\",\"@id\":\"https:\/\/saec.sp.gov.br\/index.php\/2023\/11\/13\/teste-de-vazao-de-agua-3\/#webpage\",\"url\":\"https:\/\/saec.sp.gov.br\/index.php\/2023\/11\/13\/teste-de-vazao-de-agua-3\/\",\"name\":\"TESTE DE VAZ\\u00c3O DE \\u00c1GUA - SAEC Superintendencia de Agua e Esgoto de Catanduva\",\"isPartOf\":{\"@id\":\"https:\/\/saec.sp.gov.br\/#website\"},\"primaryImageOfPage\":{\"@id\":\"https:\/\/saec.sp.gov.br\/index.php\/2023\/11\/13\/teste-de-vazao-de-agua-3\/#primaryimage\"},\"datePublished\":\"2023-11-13T16:49:00+00:00\",\"dateModified\":\"2023-11-13T16:49:00+00:00\",\"author\":{\"@id\":\"https:\/\/saec.sp.gov.br\/#\/schema\/person\/0adeb299f513c0b2fcb1812012e43dea\"},\"inLanguage\":\"pt-BR\",\"potentialAction\":[{\"@type\":\"ReadAction\",\"target\":[\"https:\/\/saec.sp.gov.br\/index.php\/2023\/11\/13\/teste-de-vazao-de-agua-3\/\"]}]},{\"@type\":\"Person\",\"@id\":\"https:\/\/saec.sp.gov.br\/#\/schema\/person\/0adeb299f513c0b2fcb1812012e43dea\",\"name\":\"Karla Sibro\"}]}<\/script>\n<!-- \/ Yoast SEO plugin. -->","amp_validity":null,"amp_enabled":true,"_links":{"self":[{"href":"https:\/\/saec.sp.gov.br\/index.php\/wp-json\/wp\/v2\/posts\/7607"}],"collection":[{"href":"https:\/\/saec.sp.gov.br\/index.php\/wp-json\/wp\/v2\/posts"}],"about":[{"href":"https:\/\/saec.sp.gov.br\/index.php\/wp-json\/wp\/v2\/types\/post"}],"author":[{"embeddable":true,"href":"https:\/\/saec.sp.gov.br\/index.php\/wp-json\/wp\/v2\/users\/12"}],"replies":[{"embeddable":true,"href":"https:\/\/saec.sp.gov.br\/index.php\/wp-json\/wp\/v2\/comments?post=7607"}],"version-history":[{"count":2,"href":"https:\/\/saec.sp.gov.br\/index.php\/wp-json\/wp\/v2\/posts\/7607\/revisions"}],"predecessor-version":[{"id":7699,"href":"https:\/\/saec.sp.gov.br\/index.php\/wp-json\/wp\/v2\/posts\/7607\/revisions\/7699"}],"wp:featuredmedia":[{"embeddable":true,"href":"https:\/\/saec.sp.gov.br\/index.php\/wp-json\/wp\/v2\/media\/7608"}],"wp:attachment":[{"href":"https:\/\/saec.sp.gov.br\/index.php\/wp-json\/wp\/v2\/media?parent=7607"}],"wp:term":[{"taxonomy":"category","embeddable":true,"href":"https:\/\/saec.sp.gov.br\/index.php\/wp-json\/wp\/v2\/categories?post=7607"},{"taxonomy":"post_tag","embeddable":true,"href":"https:\/\/saec.sp.gov.br\/index.php\/wp-json\/wp\/v2\/tags?post=7607"}],"curies":[{"name":"wp","href":"https:\/\/api.w.org\/{rel}","templated":true}]}}