{"id":7627,"date":"2023-11-16T15:19:45","date_gmt":"2023-11-16T18:19:45","guid":{"rendered":"http:\/\/saec.sp.gov.br\/?p=7627"},"modified":"2023-11-16T15:19:45","modified_gmt":"2023-11-16T18:19:45","slug":"saec-na-avenida-olimpia","status":"publish","type":"post","link":"https:\/\/saec.sp.gov.br\/index.php\/2023\/11\/16\/saec-na-avenida-olimpia\/","title":{"rendered":"SAEC NA AVENIDA OL\u00cdMPIA"},"content":{"rendered":"<div class=\"xdj266r x11i5rnm xat24cr x1mh8g0r x1vvkbs x126k92a\">\n<div dir=\"auto\">Quintou! Por aqui o trabalho n\u00e3o para. Equipe da SAEC est\u00e1 de prontid\u00e3o na avenida Ol\u00edmpia fazendo extens\u00e3o na rede de esgoto do bairro. Mais de 250 metros de tubula\u00e7\u00e3o entre as ruas Miguel Stef\u00e1no e Said Tuma ser\u00e3o implantadas.<\/div>\n<div dir=\"auto\"><\/div>\n<\/div>\n<div class=\"x11i5rnm xat24cr x1mh8g0r x1vvkbs xtlvy1s x126k92a\">\n<div dir=\"auto\"><span class=\"x3nfvp2 x1j61x8r x1fcty0u xdj266r xhhsvwb xat24cr xgzva0m xxymvpz xlup9mm x1kky2od\"><img loading=\"lazy\" decoding=\"async\" class=\"xz74otr lazyload\" src=\"data:image\/gif;base64,R0lGODlhAQABAAAAACH5BAEKAAEALAAAAAABAAEAAAICTAEAOw==\" data-src=\"https:\/\/static.xx.fbcdn.net\/images\/emoji.php\/v9\/tec\/1\/16\/1f697.png\" alt=\"????\" width=\"16\" height=\"16\" \/><\/span> O tr\u00e2nsito nas imedia\u00e7\u00f5es est\u00e1 interditado.<\/div>\n<div dir=\"auto\"><\/div>\n<\/div>\n<div class=\"x11i5rnm xat24cr x1mh8g0r x1vvkbs xtlvy1s x126k92a\">\n<div dir=\"auto\">A autarquia orienta os condutores a procurarem por rotas alternativas.<\/div>\n<div dir=\"auto\"><\/div>\n<\/div>\n<div dir=\"auto\">16-11<\/div>\n","protected":false},"excerpt":{"rendered":"<p>Quintou! Por aqui o trabalho n\u00e3o para. Equipe da SAEC est\u00e1 de prontid\u00e3o na avenida Ol\u00edmpia fazendo extens\u00e3o na rede de esgoto do bairro. Mais de 250 metros de tubula\u00e7\u00e3o entre as ruas Miguel Stef\u00e1no e Said Tuma ser\u00e3o implantadas. O tr\u00e2nsito nas imedia\u00e7\u00f5es est\u00e1 interditado. A autarquia orienta os condutores a procurarem por rotas [&hellip;]<\/p>\n","protected":false},"author":12,"featured_media":7628,"comment_status":"closed","ping_status":"closed","sticky":false,"template":"","format":"standard","meta":{"footnotes":""},"categories":[41],"tags":[],"yoast_head":"<!-- This site is optimized with the Yoast SEO plugin v15.3 - https:\/\/yoast.com\/wordpress\/plugins\/seo\/ -->\n<title>SAEC NA AVENIDA OL\u00cdMPIA - SAEC Superintendencia de Agua e Esgoto de Catanduva<\/title>\n<meta name=\"robots\" content=\"index, follow, max-snippet:-1, max-image-preview:large, max-video-preview:-1\" \/>\n<link rel=\"canonical\" href=\"https:\/\/saec.sp.gov.br\/index.php\/2023\/11\/16\/saec-na-avenida-olimpia\/\" \/>\n<meta property=\"og:locale\" content=\"pt_BR\" \/>\n<meta property=\"og:type\" content=\"article\" \/>\n<meta property=\"og:title\" content=\"SAEC NA AVENIDA OL\u00cdMPIA - SAEC Superintendencia de Agua e Esgoto de Catanduva\" \/>\n<meta property=\"og:description\" content=\"Quintou! Por aqui o trabalho n\u00e3o para. Equipe da SAEC est\u00e1 de prontid\u00e3o na avenida Ol\u00edmpia fazendo extens\u00e3o na rede de esgoto do bairro. Mais de 250 metros de tubula\u00e7\u00e3o entre as ruas Miguel Stef\u00e1no e Said Tuma ser\u00e3o implantadas. O tr\u00e2nsito nas imedia\u00e7\u00f5es est\u00e1 interditado. A autarquia orienta os condutores a procurarem por rotas [&hellip;]\" \/>\n<meta property=\"og:url\" content=\"https:\/\/saec.sp.gov.br\/index.php\/2023\/11\/16\/saec-na-avenida-olimpia\/\" \/>\n<meta property=\"og:site_name\" content=\"SAEC Superintendencia de Agua e Esgoto de Catanduva\" \/>\n<meta property=\"article:published_time\" content=\"2023-11-16T18:19:45+00:00\" \/>\n<meta property=\"og:image\" content=\"https:\/\/saec.sp.gov.br\/wp-content\/uploads\/2023\/11\/402885047_741376034682816_3970187348830336147_n.jpg\" \/>\n\t<meta property=\"og:image:width\" content=\"2048\" \/>\n\t<meta property=\"og:image:height\" content=\"1565\" \/>\n<meta name=\"twitter:card\" content=\"summary\" \/>\n<meta name=\"twitter:label1\" content=\"Written by\">\n\t<meta name=\"twitter:data1\" content=\"Karla Sibro\">\n\t<meta name=\"twitter:label2\" content=\"Est. reading time\">\n\t<meta name=\"twitter:data2\" content=\"0 minuto\">\n<script type=\"application\/ld+json\" class=\"yoast-schema-graph\">{\"@context\":\"https:\/\/schema.org\",\"@graph\":[{\"@type\":\"WebSite\",\"@id\":\"https:\/\/saec.sp.gov.br\/#website\",\"url\":\"https:\/\/saec.sp.gov.br\/\",\"name\":\"SAEC Superintendencia de Agua e Esgoto de Catanduva\",\"description\":\"SAEC\",\"potentialAction\":[{\"@type\":\"SearchAction\",\"target\":\"https:\/\/saec.sp.gov.br\/?s={search_term_string}\",\"query-input\":\"required name=search_term_string\"}],\"inLanguage\":\"pt-BR\"},{\"@type\":\"ImageObject\",\"@id\":\"https:\/\/saec.sp.gov.br\/index.php\/2023\/11\/16\/saec-na-avenida-olimpia\/#primaryimage\",\"inLanguage\":\"pt-BR\",\"url\":\"https:\/\/saec.sp.gov.br\/wp-content\/uploads\/2023\/11\/402885047_741376034682816_3970187348830336147_n.jpg\",\"width\":2048,\"height\":1565},{\"@type\":\"WebPage\",\"@id\":\"https:\/\/saec.sp.gov.br\/index.php\/2023\/11\/16\/saec-na-avenida-olimpia\/#webpage\",\"url\":\"https:\/\/saec.sp.gov.br\/index.php\/2023\/11\/16\/saec-na-avenida-olimpia\/\",\"name\":\"SAEC NA AVENIDA OL\\u00cdMPIA - SAEC Superintendencia de Agua e Esgoto de Catanduva\",\"isPartOf\":{\"@id\":\"https:\/\/saec.sp.gov.br\/#website\"},\"primaryImageOfPage\":{\"@id\":\"https:\/\/saec.sp.gov.br\/index.php\/2023\/11\/16\/saec-na-avenida-olimpia\/#primaryimage\"},\"datePublished\":\"2023-11-16T18:19:45+00:00\",\"dateModified\":\"2023-11-16T18:19:45+00:00\",\"author\":{\"@id\":\"https:\/\/saec.sp.gov.br\/#\/schema\/person\/0adeb299f513c0b2fcb1812012e43dea\"},\"inLanguage\":\"pt-BR\",\"potentialAction\":[{\"@type\":\"ReadAction\",\"target\":[\"https:\/\/saec.sp.gov.br\/index.php\/2023\/11\/16\/saec-na-avenida-olimpia\/\"]}]},{\"@type\":\"Person\",\"@id\":\"https:\/\/saec.sp.gov.br\/#\/schema\/person\/0adeb299f513c0b2fcb1812012e43dea\",\"name\":\"Karla Sibro\"}]}<\/script>\n<!-- \/ Yoast SEO plugin. -->","amp_validity":null,"amp_enabled":true,"_links":{"self":[{"href":"https:\/\/saec.sp.gov.br\/index.php\/wp-json\/wp\/v2\/posts\/7627"}],"collection":[{"href":"https:\/\/saec.sp.gov.br\/index.php\/wp-json\/wp\/v2\/posts"}],"about":[{"href":"https:\/\/saec.sp.gov.br\/index.php\/wp-json\/wp\/v2\/types\/post"}],"author":[{"embeddable":true,"href":"https:\/\/saec.sp.gov.br\/index.php\/wp-json\/wp\/v2\/users\/12"}],"replies":[{"embeddable":true,"href":"https:\/\/saec.sp.gov.br\/index.php\/wp-json\/wp\/v2\/comments?post=7627"}],"version-history":[{"count":1,"href":"https:\/\/saec.sp.gov.br\/index.php\/wp-json\/wp\/v2\/posts\/7627\/revisions"}],"predecessor-version":[{"id":7629,"href":"https:\/\/saec.sp.gov.br\/index.php\/wp-json\/wp\/v2\/posts\/7627\/revisions\/7629"}],"wp:featuredmedia":[{"embeddable":true,"href":"https:\/\/saec.sp.gov.br\/index.php\/wp-json\/wp\/v2\/media\/7628"}],"wp:attachment":[{"href":"https:\/\/saec.sp.gov.br\/index.php\/wp-json\/wp\/v2\/media?parent=7627"}],"wp:term":[{"taxonomy":"category","embeddable":true,"href":"https:\/\/saec.sp.gov.br\/index.php\/wp-json\/wp\/v2\/categories?post=7627"},{"taxonomy":"post_tag","embeddable":true,"href":"https:\/\/saec.sp.gov.br\/index.php\/wp-json\/wp\/v2\/tags?post=7627"}],"curies":[{"name":"wp","href":"https:\/\/api.w.org\/{rel}","templated":true}]}}