{"id":8694,"date":"2024-03-21T11:22:52","date_gmt":"2024-03-21T14:22:52","guid":{"rendered":"http:\/\/saec.sp.gov.br\/?p=8694"},"modified":"2024-03-25T11:27:22","modified_gmt":"2024-03-25T14:27:22","slug":"plantando-agua","status":"publish","type":"post","link":"https:\/\/saec.sp.gov.br\/index.php\/2024\/03\/21\/plantando-agua\/","title":{"rendered":"PLANTANDO \u00c1GUA"},"content":{"rendered":"<div class=\"xdj266r x11i5rnm xat24cr x1mh8g0r x1vvkbs x126k92a\">\n<div dir=\"auto\">\n<div class=\"xdj266r x11i5rnm xat24cr x1mh8g0r x1vvkbs x126k92a\">\n<div dir=\"auto\">Memor\u00e1vel! O projeto Plantando \u00c1gua foi de aquecer o cora\u00e7\u00e3o , nesta manh\u00e3 de quinta-feira, dia .<\/div>\n<\/div>\n<div class=\"x11i5rnm xat24cr x1mh8g0r x1vvkbs xtlvy1s x126k92a\">\n<div dir=\"auto\"><\/div>\n<div dir=\"auto\">8h &#8211; alunos da EMEI Idette Couto participaram da a\u00e7\u00e3o, na avenida Daniel Soubhia esquina com a avenida Barcelona;<\/div>\n<\/div>\n<div class=\"x11i5rnm xat24cr x1mh8g0r x1vvkbs xtlvy1s x126k92a\">\n<div dir=\"auto\">9h &#8211; EMEI Ant\u00f4nio Nelson Zancaner, foi a vez da crian\u00e7ada colocar a m\u00e3o na terra.<\/div>\n<\/div>\n<div class=\"x11i5rnm xat24cr x1mh8g0r x1vvkbs xtlvy1s x126k92a\">\n<div dir=\"auto\"><\/div>\n<div dir=\"auto\">O programa tem um papel fundamental em preservar o meio ambiente, al\u00e9m de colaborar com o ciclo das chuvas e a sustentabilidade do Planeta.<\/div>\n<div dir=\"auto\"><\/div>\n<\/div>\n<div class=\"x11i5rnm xat24cr x1mh8g0r x1vvkbs xtlvy1s x126k92a\">\n<div dir=\"auto\">O Plantando \u00c1gua ser\u00e1 permanente e envolver\u00e1 todos os alunos, da rede municipal de ensino, ao longo do ano. Parceria entre SAEC e as Secretarias de Educa\u00e7\u00e3o e de Meio Ambiente e Agricultura.<\/div>\n<\/div>\n<div class=\"x11i5rnm xat24cr x1mh8g0r x1vvkbs xtlvy1s x126k92a\">\n<div dir=\"auto\"><\/div>\n<div dir=\"auto\">Confira essa atividade que integra a Semana da \u00c1gua!<\/div>\n<\/div>\n<\/div>\n<\/div>\n<div dir=\"auto\"><\/div>\n<div dir=\"auto\">21\/03\/2024<\/div>\n","protected":false},"excerpt":{"rendered":"<p>Memor\u00e1vel! O projeto Plantando \u00c1gua foi de aquecer o cora\u00e7\u00e3o , nesta manh\u00e3 de quinta-feira, dia . 8h &#8211; alunos da EMEI Idette Couto participaram da a\u00e7\u00e3o, na avenida Daniel Soubhia esquina com a avenida Barcelona; 9h &#8211; EMEI Ant\u00f4nio Nelson Zancaner, foi a vez da crian\u00e7ada colocar a m\u00e3o na terra. O programa tem [&hellip;]<\/p>\n","protected":false},"author":12,"featured_media":8695,"comment_status":"closed","ping_status":"closed","sticky":false,"template":"","format":"standard","meta":{"footnotes":""},"categories":[41],"tags":[],"yoast_head":"<!-- This site is optimized with the Yoast SEO plugin v15.3 - https:\/\/yoast.com\/wordpress\/plugins\/seo\/ -->\n<title>PLANTANDO \u00c1GUA - SAEC Superintendencia de Agua e Esgoto de Catanduva<\/title>\n<meta name=\"robots\" content=\"index, follow, max-snippet:-1, max-image-preview:large, max-video-preview:-1\" \/>\n<link rel=\"canonical\" href=\"https:\/\/saec.sp.gov.br\/index.php\/2024\/03\/21\/plantando-agua\/\" \/>\n<meta property=\"og:locale\" content=\"pt_BR\" \/>\n<meta property=\"og:type\" content=\"article\" \/>\n<meta property=\"og:title\" content=\"PLANTANDO \u00c1GUA - SAEC Superintendencia de Agua e Esgoto de Catanduva\" \/>\n<meta property=\"og:description\" content=\"Memor\u00e1vel! O projeto Plantando \u00c1gua foi de aquecer o cora\u00e7\u00e3o , nesta manh\u00e3 de quinta-feira, dia . 8h &#8211; alunos da EMEI Idette Couto participaram da a\u00e7\u00e3o, na avenida Daniel Soubhia esquina com a avenida Barcelona; 9h &#8211; EMEI Ant\u00f4nio Nelson Zancaner, foi a vez da crian\u00e7ada colocar a m\u00e3o na terra. O programa tem [&hellip;]\" \/>\n<meta property=\"og:url\" content=\"https:\/\/saec.sp.gov.br\/index.php\/2024\/03\/21\/plantando-agua\/\" \/>\n<meta property=\"og:site_name\" content=\"SAEC Superintendencia de Agua e Esgoto de Catanduva\" \/>\n<meta property=\"article:published_time\" content=\"2024-03-21T14:22:52+00:00\" \/>\n<meta property=\"article:modified_time\" content=\"2024-03-25T14:27:22+00:00\" \/>\n<meta property=\"og:image\" content=\"https:\/\/saec.sp.gov.br\/wp-content\/uploads\/2024\/03\/plantando-aguas.jpg\" \/>\n\t<meta property=\"og:image:width\" content=\"1200\" \/>\n\t<meta property=\"og:image:height\" content=\"1599\" \/>\n<meta name=\"twitter:card\" content=\"summary\" \/>\n<meta name=\"twitter:label1\" content=\"Written by\">\n\t<meta name=\"twitter:data1\" content=\"Karla Sibro\">\n\t<meta name=\"twitter:label2\" content=\"Est. reading time\">\n\t<meta name=\"twitter:data2\" content=\"0 minuto\">\n<script type=\"application\/ld+json\" class=\"yoast-schema-graph\">{\"@context\":\"https:\/\/schema.org\",\"@graph\":[{\"@type\":\"WebSite\",\"@id\":\"https:\/\/saec.sp.gov.br\/#website\",\"url\":\"https:\/\/saec.sp.gov.br\/\",\"name\":\"SAEC Superintendencia de Agua e Esgoto de Catanduva\",\"description\":\"SAEC\",\"potentialAction\":[{\"@type\":\"SearchAction\",\"target\":\"https:\/\/saec.sp.gov.br\/?s={search_term_string}\",\"query-input\":\"required name=search_term_string\"}],\"inLanguage\":\"pt-BR\"},{\"@type\":\"ImageObject\",\"@id\":\"https:\/\/saec.sp.gov.br\/index.php\/2024\/03\/21\/plantando-agua\/#primaryimage\",\"inLanguage\":\"pt-BR\",\"url\":\"https:\/\/saec.sp.gov.br\/wp-content\/uploads\/2024\/03\/plantando-aguas.jpg\",\"width\":1200,\"height\":1599},{\"@type\":\"WebPage\",\"@id\":\"https:\/\/saec.sp.gov.br\/index.php\/2024\/03\/21\/plantando-agua\/#webpage\",\"url\":\"https:\/\/saec.sp.gov.br\/index.php\/2024\/03\/21\/plantando-agua\/\",\"name\":\"PLANTANDO \\u00c1GUA - SAEC Superintendencia de Agua e Esgoto de Catanduva\",\"isPartOf\":{\"@id\":\"https:\/\/saec.sp.gov.br\/#website\"},\"primaryImageOfPage\":{\"@id\":\"https:\/\/saec.sp.gov.br\/index.php\/2024\/03\/21\/plantando-agua\/#primaryimage\"},\"datePublished\":\"2024-03-21T14:22:52+00:00\",\"dateModified\":\"2024-03-25T14:27:22+00:00\",\"author\":{\"@id\":\"https:\/\/saec.sp.gov.br\/#\/schema\/person\/0adeb299f513c0b2fcb1812012e43dea\"},\"inLanguage\":\"pt-BR\",\"potentialAction\":[{\"@type\":\"ReadAction\",\"target\":[\"https:\/\/saec.sp.gov.br\/index.php\/2024\/03\/21\/plantando-agua\/\"]}]},{\"@type\":\"Person\",\"@id\":\"https:\/\/saec.sp.gov.br\/#\/schema\/person\/0adeb299f513c0b2fcb1812012e43dea\",\"name\":\"Karla Sibro\"}]}<\/script>\n<!-- \/ Yoast SEO plugin. -->","amp_validity":null,"amp_enabled":true,"_links":{"self":[{"href":"https:\/\/saec.sp.gov.br\/index.php\/wp-json\/wp\/v2\/posts\/8694"}],"collection":[{"href":"https:\/\/saec.sp.gov.br\/index.php\/wp-json\/wp\/v2\/posts"}],"about":[{"href":"https:\/\/saec.sp.gov.br\/index.php\/wp-json\/wp\/v2\/types\/post"}],"author":[{"embeddable":true,"href":"https:\/\/saec.sp.gov.br\/index.php\/wp-json\/wp\/v2\/users\/12"}],"replies":[{"embeddable":true,"href":"https:\/\/saec.sp.gov.br\/index.php\/wp-json\/wp\/v2\/comments?post=8694"}],"version-history":[{"count":1,"href":"https:\/\/saec.sp.gov.br\/index.php\/wp-json\/wp\/v2\/posts\/8694\/revisions"}],"predecessor-version":[{"id":8696,"href":"https:\/\/saec.sp.gov.br\/index.php\/wp-json\/wp\/v2\/posts\/8694\/revisions\/8696"}],"wp:featuredmedia":[{"embeddable":true,"href":"https:\/\/saec.sp.gov.br\/index.php\/wp-json\/wp\/v2\/media\/8695"}],"wp:attachment":[{"href":"https:\/\/saec.sp.gov.br\/index.php\/wp-json\/wp\/v2\/media?parent=8694"}],"wp:term":[{"taxonomy":"category","embeddable":true,"href":"https:\/\/saec.sp.gov.br\/index.php\/wp-json\/wp\/v2\/categories?post=8694"},{"taxonomy":"post_tag","embeddable":true,"href":"https:\/\/saec.sp.gov.br\/index.php\/wp-json\/wp\/v2\/tags?post=8694"}],"curies":[{"name":"wp","href":"https:\/\/api.w.org\/{rel}","templated":true}]}}