{"id":8699,"date":"2024-03-21T11:29:25","date_gmt":"2024-03-21T14:29:25","guid":{"rendered":"http:\/\/saec.sp.gov.br\/?p=8699"},"modified":"2024-03-25T11:34:05","modified_gmt":"2024-03-25T14:34:05","slug":"2o-simposio-da-saec","status":"publish","type":"post","link":"https:\/\/saec.sp.gov.br\/index.php\/2024\/03\/21\/2o-simposio-da-saec\/","title":{"rendered":"2\u00ba SIMP\u00d3SIO DA SAEC"},"content":{"rendered":"<div class=\"xdj266r x11i5rnm xat24cr x1mh8g0r x1vvkbs x126k92a\">\n<div dir=\"auto\">\u00daltimas horas para se inscrever!<\/div>\n<\/div>\n<div class=\"x11i5rnm xat24cr x1mh8g0r x1vvkbs xtlvy1s x126k92a\">\n<div dir=\"auto\"><\/div>\n<div dir=\"auto\">Aten\u00e7\u00e3o, as inscri\u00e7\u00f5es se encerram \u00e0s 16h, desta quinta-feira, 21.<\/div>\n<\/div>\n<div class=\"x11i5rnm xat24cr x1mh8g0r x1vvkbs xtlvy1s x126k92a\">\n<div dir=\"auto\"><\/div>\n<div dir=\"auto\">O 2\u00ba SIMP\u00d3SIO DA SAEC, ser\u00e1 nesta sexta-feira, 22, Dia Mundial da \u00c1gua, com a palestra do prof. Leandro Karnal.<\/div>\n<div dir=\"auto\"><\/div>\n<div dir=\"auto\">A a\u00e7\u00e3o tem como objetivo discutir e refletir sobre atitudes sustent\u00e1veis para conservar esse bem mais precioso do mundo.<\/div>\n<\/div>\n<div class=\"x11i5rnm xat24cr x1mh8g0r x1vvkbs xtlvy1s x126k92a\">\n<div dir=\"auto\"><\/div>\n<div dir=\"auto\">Voc\u00ea n\u00e3o vai ficar de fora, n\u00e9?<\/div>\n<\/div>\n<div class=\"x11i5rnm xat24cr x1mh8g0r x1vvkbs xtlvy1s x126k92a\">\n<div dir=\"auto\"><\/div>\n<div dir=\"auto\">\u00c9 s\u00f3 clicar no link abaixo e se inscrever:<\/div>\n<div dir=\"auto\"><a class=\"x1i10hfl xjbqb8w x1ejq31n xd10rxx x1sy0etr x17r0tee x972fbf xcfux6l x1qhh985 xm0m39n x9f619 x1ypdohk xt0psk2 xe8uvvx xdj266r x11i5rnm xat24cr x1mh8g0r xexx8yu x4uap5 x18d9i69 xkhd6sd x16tdsg8 x1hl2dhg xggy1nq x1a2a7pz xt0b8zv x1fey0fg\" tabindex=\"0\" role=\"link\" href=\"https:\/\/forms.gle\/id6tq3S1gmdwaGQa6?fbclid=IwAR0G29mYvPFttFoKJzeIALFlYQwrQzceA302Ht-hGb44BxmwUeGff_A6aZ4\" target=\"_blank\" rel=\"nofollow noopener noreferrer\">https:\/\/forms.gle\/id6tq3S1gmdwaGQa6<\/a><\/div>\n<\/div>\n<div class=\"x11i5rnm xat24cr x1mh8g0r x1vvkbs xtlvy1s x126k92a\">\n<div dir=\"auto\"><\/div>\n<div dir=\"auto\">Ah, n\u00e3o esque\u00e7a de levar 1 litro de leite, no Teatro Municipal Aniz Pach\u00e1.<\/div>\n<\/div>\n<div class=\"x11i5rnm xat24cr x1mh8g0r x1vvkbs xtlvy1s x126k92a\">\n<div dir=\"auto\"><\/div>\n<div dir=\"auto\">Valida\u00e7\u00e3o &#8211; ao chegar no local do evento, seu ingresso ser\u00e1 validado mediante aproxima\u00e7\u00e3o do seu celular ao Qrcode que estar\u00e1 anexado na entrada do teatro.<\/div>\n<\/div>\n<div class=\"x11i5rnm xat24cr x1mh8g0r x1vvkbs xtlvy1s x126k92a\">\n<div dir=\"auto\"><\/div>\n<div dir=\"auto\">Por isso \u00e9 importante fazer a inscri\u00e7\u00e3o, para garantir seu lugar e evitar a superlota\u00e7\u00e3o!<\/div>\n<\/div>\n<div class=\"x11i5rnm xat24cr x1mh8g0r x1vvkbs xtlvy1s x126k92a\">\n<div dir=\"auto\"><\/div>\n<div dir=\"auto\">Participe! Evento gratuito promovido pela SAEC Catanduva e que integra a SEMANA DA \u00c1GUA 2024!<\/div>\n<\/div>\n<div dir=\"auto\"><\/div>\n<div dir=\"auto\">21\/03\/2024<\/div>\n","protected":false},"excerpt":{"rendered":"<p>\u00daltimas horas para se inscrever! Aten\u00e7\u00e3o, as inscri\u00e7\u00f5es se encerram \u00e0s 16h, desta quinta-feira, 21. O 2\u00ba SIMP\u00d3SIO DA SAEC, ser\u00e1 nesta sexta-feira, 22, Dia Mundial da \u00c1gua, com a palestra do prof. Leandro Karnal. A a\u00e7\u00e3o tem como objetivo discutir e refletir sobre atitudes sustent\u00e1veis para conservar esse bem mais precioso do mundo. Voc\u00ea [&hellip;]<\/p>\n","protected":false},"author":12,"featured_media":8700,"comment_status":"closed","ping_status":"closed","sticky":false,"template":"","format":"standard","meta":{"footnotes":""},"categories":[41],"tags":[],"yoast_head":"<!-- This site is optimized with the Yoast SEO plugin v15.3 - https:\/\/yoast.com\/wordpress\/plugins\/seo\/ -->\n<title>2\u00ba SIMP\u00d3SIO DA SAEC - SAEC Superintendencia de Agua e Esgoto de Catanduva<\/title>\n<meta name=\"robots\" content=\"index, follow, max-snippet:-1, max-image-preview:large, max-video-preview:-1\" \/>\n<link rel=\"canonical\" href=\"https:\/\/saec.sp.gov.br\/index.php\/2024\/03\/21\/2o-simposio-da-saec\/\" \/>\n<meta property=\"og:locale\" content=\"pt_BR\" \/>\n<meta property=\"og:type\" content=\"article\" \/>\n<meta property=\"og:title\" content=\"2\u00ba SIMP\u00d3SIO DA SAEC - SAEC Superintendencia de Agua e Esgoto de Catanduva\" \/>\n<meta property=\"og:description\" content=\"\u00daltimas horas para se inscrever! Aten\u00e7\u00e3o, as inscri\u00e7\u00f5es se encerram \u00e0s 16h, desta quinta-feira, 21. O 2\u00ba SIMP\u00d3SIO DA SAEC, ser\u00e1 nesta sexta-feira, 22, Dia Mundial da \u00c1gua, com a palestra do prof. Leandro Karnal. A a\u00e7\u00e3o tem como objetivo discutir e refletir sobre atitudes sustent\u00e1veis para conservar esse bem mais precioso do mundo. Voc\u00ea [&hellip;]\" \/>\n<meta property=\"og:url\" content=\"https:\/\/saec.sp.gov.br\/index.php\/2024\/03\/21\/2o-simposio-da-saec\/\" \/>\n<meta property=\"og:site_name\" content=\"SAEC Superintendencia de Agua e Esgoto de Catanduva\" \/>\n<meta property=\"article:published_time\" content=\"2024-03-21T14:29:25+00:00\" \/>\n<meta property=\"article:modified_time\" content=\"2024-03-25T14:34:05+00:00\" \/>\n<meta property=\"og:image\" content=\"https:\/\/saec.sp.gov.br\/wp-content\/uploads\/2024\/03\/leandro_karnal-simposio.jpg\" \/>\n\t<meta property=\"og:image:width\" content=\"526\" \/>\n\t<meta property=\"og:image:height\" content=\"526\" \/>\n<meta name=\"twitter:card\" content=\"summary\" \/>\n<meta name=\"twitter:label1\" content=\"Written by\">\n\t<meta name=\"twitter:data1\" content=\"Karla Sibro\">\n\t<meta name=\"twitter:label2\" content=\"Est. reading time\">\n\t<meta name=\"twitter:data2\" content=\"1 minuto\">\n<script type=\"application\/ld+json\" class=\"yoast-schema-graph\">{\"@context\":\"https:\/\/schema.org\",\"@graph\":[{\"@type\":\"WebSite\",\"@id\":\"https:\/\/saec.sp.gov.br\/#website\",\"url\":\"https:\/\/saec.sp.gov.br\/\",\"name\":\"SAEC Superintendencia de Agua e Esgoto de Catanduva\",\"description\":\"SAEC\",\"potentialAction\":[{\"@type\":\"SearchAction\",\"target\":\"https:\/\/saec.sp.gov.br\/?s={search_term_string}\",\"query-input\":\"required name=search_term_string\"}],\"inLanguage\":\"pt-BR\"},{\"@type\":\"ImageObject\",\"@id\":\"https:\/\/saec.sp.gov.br\/index.php\/2024\/03\/21\/2o-simposio-da-saec\/#primaryimage\",\"inLanguage\":\"pt-BR\",\"url\":\"https:\/\/saec.sp.gov.br\/wp-content\/uploads\/2024\/03\/leandro_karnal-simposio.jpg\",\"width\":526,\"height\":526},{\"@type\":\"WebPage\",\"@id\":\"https:\/\/saec.sp.gov.br\/index.php\/2024\/03\/21\/2o-simposio-da-saec\/#webpage\",\"url\":\"https:\/\/saec.sp.gov.br\/index.php\/2024\/03\/21\/2o-simposio-da-saec\/\",\"name\":\"2\\u00ba SIMP\\u00d3SIO DA SAEC - SAEC Superintendencia de Agua e Esgoto de Catanduva\",\"isPartOf\":{\"@id\":\"https:\/\/saec.sp.gov.br\/#website\"},\"primaryImageOfPage\":{\"@id\":\"https:\/\/saec.sp.gov.br\/index.php\/2024\/03\/21\/2o-simposio-da-saec\/#primaryimage\"},\"datePublished\":\"2024-03-21T14:29:25+00:00\",\"dateModified\":\"2024-03-25T14:34:05+00:00\",\"author\":{\"@id\":\"https:\/\/saec.sp.gov.br\/#\/schema\/person\/0adeb299f513c0b2fcb1812012e43dea\"},\"inLanguage\":\"pt-BR\",\"potentialAction\":[{\"@type\":\"ReadAction\",\"target\":[\"https:\/\/saec.sp.gov.br\/index.php\/2024\/03\/21\/2o-simposio-da-saec\/\"]}]},{\"@type\":\"Person\",\"@id\":\"https:\/\/saec.sp.gov.br\/#\/schema\/person\/0adeb299f513c0b2fcb1812012e43dea\",\"name\":\"Karla Sibro\"}]}<\/script>\n<!-- \/ Yoast SEO plugin. -->","amp_validity":null,"amp_enabled":true,"_links":{"self":[{"href":"https:\/\/saec.sp.gov.br\/index.php\/wp-json\/wp\/v2\/posts\/8699"}],"collection":[{"href":"https:\/\/saec.sp.gov.br\/index.php\/wp-json\/wp\/v2\/posts"}],"about":[{"href":"https:\/\/saec.sp.gov.br\/index.php\/wp-json\/wp\/v2\/types\/post"}],"author":[{"embeddable":true,"href":"https:\/\/saec.sp.gov.br\/index.php\/wp-json\/wp\/v2\/users\/12"}],"replies":[{"embeddable":true,"href":"https:\/\/saec.sp.gov.br\/index.php\/wp-json\/wp\/v2\/comments?post=8699"}],"version-history":[{"count":2,"href":"https:\/\/saec.sp.gov.br\/index.php\/wp-json\/wp\/v2\/posts\/8699\/revisions"}],"predecessor-version":[{"id":8702,"href":"https:\/\/saec.sp.gov.br\/index.php\/wp-json\/wp\/v2\/posts\/8699\/revisions\/8702"}],"wp:featuredmedia":[{"embeddable":true,"href":"https:\/\/saec.sp.gov.br\/index.php\/wp-json\/wp\/v2\/media\/8700"}],"wp:attachment":[{"href":"https:\/\/saec.sp.gov.br\/index.php\/wp-json\/wp\/v2\/media?parent=8699"}],"wp:term":[{"taxonomy":"category","embeddable":true,"href":"https:\/\/saec.sp.gov.br\/index.php\/wp-json\/wp\/v2\/categories?post=8699"},{"taxonomy":"post_tag","embeddable":true,"href":"https:\/\/saec.sp.gov.br\/index.php\/wp-json\/wp\/v2\/tags?post=8699"}],"curies":[{"name":"wp","href":"https:\/\/api.w.org\/{rel}","templated":true}]}}