{"id":8703,"date":"2024-03-22T11:34:56","date_gmt":"2024-03-22T14:34:56","guid":{"rendered":"http:\/\/saec.sp.gov.br\/?p=8703"},"modified":"2024-03-25T11:42:42","modified_gmt":"2024-03-25T14:42:42","slug":"2o-simposio-da-saec-2","status":"publish","type":"post","link":"https:\/\/saec.sp.gov.br\/index.php\/2024\/03\/22\/2o-simposio-da-saec-2\/","title":{"rendered":"2\u00ba SIMP\u00d3SIO DA SAEC"},"content":{"rendered":"<div class=\"xdj266r x11i5rnm xat24cr x1mh8g0r x1vvkbs x126k92a\"><\/div>\n<div class=\"x11i5rnm xat24cr x1mh8g0r x1vvkbs xtlvy1s x126k92a\">\n<div dir=\"auto\"><\/div>\n<p><img loading=\"lazy\" decoding=\"async\" class=\"size-medium wp-image-8705 alignleft lazyload\" src=\"data:image\/gif;base64,R0lGODlhAQABAAAAACH5BAEKAAEALAAAAAABAAEAAAICTAEAOw==\" data-src=\"http:\/\/saec.sp.gov.br\/wp-content\/uploads\/2024\/03\/solidariedade-300x135.jpg\" alt=\"\" width=\"300\" height=\"135\" data-sizes=\"auto\" data-srcset=\"https:\/\/saec.sp.gov.br\/wp-content\/uploads\/2024\/03\/solidariedade-300x135.jpg 300w, https:\/\/saec.sp.gov.br\/wp-content\/uploads\/2024\/03\/solidariedade-1024x461.jpg 1024w, https:\/\/saec.sp.gov.br\/wp-content\/uploads\/2024\/03\/solidariedade-768x346.jpg 768w, https:\/\/saec.sp.gov.br\/wp-content\/uploads\/2024\/03\/solidariedade-1536x692.jpg 1536w, https:\/\/saec.sp.gov.br\/wp-content\/uploads\/2024\/03\/solidariedade-1600x720.jpg 1600w, https:\/\/saec.sp.gov.br\/wp-content\/uploads\/2024\/03\/solidariedade-1100x495.jpg 1100w, https:\/\/saec.sp.gov.br\/wp-content\/uploads\/2024\/03\/solidariedade-600x270.jpg 600w, https:\/\/saec.sp.gov.br\/wp-content\/uploads\/2024\/03\/solidariedade-20x9.jpg 20w, https:\/\/saec.sp.gov.br\/wp-content\/uploads\/2024\/03\/solidariedade.jpg 2048w\" sizes=\"(max-width: 300px) 100vw, 300px\" \/><\/p>\n<div dir=\"auto\">\n<div class=\"xdj266r x11i5rnm xat24cr x1mh8g0r x1vvkbs x126k92a\">\n<div dir=\"auto\">Reflex\u00e3o: &#8220;Tomar \u00e1gua nos d\u00e1 vida, tomar consci\u00eancia nos dar\u00e1 \u00e1gua&#8221;!<\/div>\n<\/div>\n<div class=\"x11i5rnm xat24cr x1mh8g0r x1vvkbs xtlvy1s x126k92a\">\n<div dir=\"auto\">A palestra do professor Leandro Karnal fecha com chave de ouro a Semana da \u00c1gua 2024. O 2\u00ba Simp\u00f3sio da SAEC, que integra a semana, trouxe \u00e0 tona a palestra intitulada &#8220;Vivendo no Mundo L\u00edquido&#8221; para profunda reflex\u00e3o e mudan\u00e7a de h\u00e1bito para o uso consciente da \u00e1gua .<\/div>\n<\/div>\n<\/div>\n<\/div>\n<div class=\"x11i5rnm xat24cr x1mh8g0r x1vvkbs xtlvy1s x126k92a\">\n<div dir=\"auto\"><\/div>\n<div dir=\"auto\">Durante a explana\u00e7\u00e3o, o renomado professor Karnal alertou sobre a import\u00e2ncia de tornar constante atitudes sustent\u00e1veis no nosso dia a dia.<\/div>\n<div dir=\"auto\"><\/div>\n<div dir=\"auto\">Depende de cada um em fazer a sua parte para preservar esse bem mais precioso do mundo .<\/div>\n<\/div>\n<div class=\"x11i5rnm xat24cr x1mh8g0r x1vvkbs xtlvy1s x126k92a\">\n<div dir=\"auto\"><\/div>\n<div dir=\"auto\">Evento contou ainda com a apresenta\u00e7\u00e3o especial do tenor Tobias Varini e o pianista Gabriel Nobre.<\/div>\n<\/div>\n<div class=\"x11i5rnm xat24cr x1mh8g0r x1vvkbs xtlvy1s x126k92a\">\n<div dir=\"auto\"><\/div>\n<div dir=\"auto\">A a\u00e7\u00e3o promovida pela SAEC contou com apoio da Prefeitura de Catanduva, por meio das secretarias de Educa\u00e7\u00e3o e Meio Ambiente e Agricultura.<\/div>\n<\/div>\n<div class=\"x11i5rnm xat24cr x1mh8g0r x1vvkbs xtlvy1s x126k92a\">\n<div dir=\"auto\"><\/div>\n<div dir=\"auto\">Na ocasi\u00e3o, o prefeito, vice-prefeito, secret\u00e1rios e demais autoridades participaram do evento.<\/div>\n<\/div>\n<div dir=\"auto\"><\/div>\n<div dir=\"auto\">22\/03\/2024<\/div>\n","protected":false},"excerpt":{"rendered":"<p>Reflex\u00e3o: &#8220;Tomar \u00e1gua nos d\u00e1 vida, tomar consci\u00eancia nos dar\u00e1 \u00e1gua&#8221;! A palestra do professor Leandro Karnal fecha com chave de ouro a Semana da \u00c1gua 2024. O 2\u00ba Simp\u00f3sio da SAEC, que integra a semana, trouxe \u00e0 tona a palestra intitulada &#8220;Vivendo no Mundo L\u00edquido&#8221; para profunda reflex\u00e3o e mudan\u00e7a de h\u00e1bito para o [&hellip;]<\/p>\n","protected":false},"author":12,"featured_media":8704,"comment_status":"closed","ping_status":"closed","sticky":false,"template":"","format":"standard","meta":{"footnotes":""},"categories":[41],"tags":[],"yoast_head":"<!-- This site is optimized with the Yoast SEO plugin v15.3 - https:\/\/yoast.com\/wordpress\/plugins\/seo\/ -->\n<title>2\u00ba SIMP\u00d3SIO DA SAEC - SAEC Superintendencia de Agua e Esgoto de Catanduva<\/title>\n<meta name=\"robots\" content=\"index, follow, max-snippet:-1, max-image-preview:large, max-video-preview:-1\" \/>\n<link rel=\"canonical\" href=\"https:\/\/saec.sp.gov.br\/index.php\/2024\/03\/22\/2o-simposio-da-saec-2\/\" \/>\n<meta property=\"og:locale\" content=\"pt_BR\" \/>\n<meta property=\"og:type\" content=\"article\" \/>\n<meta property=\"og:title\" content=\"2\u00ba SIMP\u00d3SIO DA SAEC - SAEC Superintendencia de Agua e Esgoto de Catanduva\" \/>\n<meta property=\"og:description\" content=\"Reflex\u00e3o: &#8220;Tomar \u00e1gua nos d\u00e1 vida, tomar consci\u00eancia nos dar\u00e1 \u00e1gua&#8221;! A palestra do professor Leandro Karnal fecha com chave de ouro a Semana da \u00c1gua 2024. O 2\u00ba Simp\u00f3sio da SAEC, que integra a semana, trouxe \u00e0 tona a palestra intitulada &#8220;Vivendo no Mundo L\u00edquido&#8221; para profunda reflex\u00e3o e mudan\u00e7a de h\u00e1bito para o [&hellip;]\" \/>\n<meta property=\"og:url\" content=\"https:\/\/saec.sp.gov.br\/index.php\/2024\/03\/22\/2o-simposio-da-saec-2\/\" \/>\n<meta property=\"og:site_name\" content=\"SAEC Superintendencia de Agua e Esgoto de Catanduva\" \/>\n<meta property=\"article:published_time\" content=\"2024-03-22T14:34:56+00:00\" \/>\n<meta property=\"article:modified_time\" content=\"2024-03-25T14:42:42+00:00\" \/>\n<meta property=\"og:image\" content=\"https:\/\/saec.sp.gov.br\/wp-content\/uploads\/2024\/03\/karnal-palestra.jpg\" \/>\n\t<meta property=\"og:image:width\" content=\"2048\" \/>\n\t<meta property=\"og:image:height\" content=\"1153\" \/>\n<meta name=\"twitter:card\" content=\"summary\" \/>\n<meta name=\"twitter:label1\" content=\"Written by\">\n\t<meta name=\"twitter:data1\" content=\"Karla Sibro\">\n\t<meta name=\"twitter:label2\" content=\"Est. reading time\">\n\t<meta name=\"twitter:data2\" content=\"1 minuto\">\n<script type=\"application\/ld+json\" class=\"yoast-schema-graph\">{\"@context\":\"https:\/\/schema.org\",\"@graph\":[{\"@type\":\"WebSite\",\"@id\":\"https:\/\/saec.sp.gov.br\/#website\",\"url\":\"https:\/\/saec.sp.gov.br\/\",\"name\":\"SAEC Superintendencia de Agua e Esgoto de Catanduva\",\"description\":\"SAEC\",\"potentialAction\":[{\"@type\":\"SearchAction\",\"target\":\"https:\/\/saec.sp.gov.br\/?s={search_term_string}\",\"query-input\":\"required name=search_term_string\"}],\"inLanguage\":\"pt-BR\"},{\"@type\":\"ImageObject\",\"@id\":\"https:\/\/saec.sp.gov.br\/index.php\/2024\/03\/22\/2o-simposio-da-saec-2\/#primaryimage\",\"inLanguage\":\"pt-BR\",\"url\":\"https:\/\/saec.sp.gov.br\/wp-content\/uploads\/2024\/03\/karnal-palestra.jpg\",\"width\":2048,\"height\":1153},{\"@type\":\"WebPage\",\"@id\":\"https:\/\/saec.sp.gov.br\/index.php\/2024\/03\/22\/2o-simposio-da-saec-2\/#webpage\",\"url\":\"https:\/\/saec.sp.gov.br\/index.php\/2024\/03\/22\/2o-simposio-da-saec-2\/\",\"name\":\"2\\u00ba SIMP\\u00d3SIO DA SAEC - SAEC Superintendencia de Agua e Esgoto de Catanduva\",\"isPartOf\":{\"@id\":\"https:\/\/saec.sp.gov.br\/#website\"},\"primaryImageOfPage\":{\"@id\":\"https:\/\/saec.sp.gov.br\/index.php\/2024\/03\/22\/2o-simposio-da-saec-2\/#primaryimage\"},\"datePublished\":\"2024-03-22T14:34:56+00:00\",\"dateModified\":\"2024-03-25T14:42:42+00:00\",\"author\":{\"@id\":\"https:\/\/saec.sp.gov.br\/#\/schema\/person\/0adeb299f513c0b2fcb1812012e43dea\"},\"inLanguage\":\"pt-BR\",\"potentialAction\":[{\"@type\":\"ReadAction\",\"target\":[\"https:\/\/saec.sp.gov.br\/index.php\/2024\/03\/22\/2o-simposio-da-saec-2\/\"]}]},{\"@type\":\"Person\",\"@id\":\"https:\/\/saec.sp.gov.br\/#\/schema\/person\/0adeb299f513c0b2fcb1812012e43dea\",\"name\":\"Karla Sibro\"}]}<\/script>\n<!-- \/ Yoast SEO plugin. -->","amp_validity":null,"amp_enabled":true,"_links":{"self":[{"href":"https:\/\/saec.sp.gov.br\/index.php\/wp-json\/wp\/v2\/posts\/8703"}],"collection":[{"href":"https:\/\/saec.sp.gov.br\/index.php\/wp-json\/wp\/v2\/posts"}],"about":[{"href":"https:\/\/saec.sp.gov.br\/index.php\/wp-json\/wp\/v2\/types\/post"}],"author":[{"embeddable":true,"href":"https:\/\/saec.sp.gov.br\/index.php\/wp-json\/wp\/v2\/users\/12"}],"replies":[{"embeddable":true,"href":"https:\/\/saec.sp.gov.br\/index.php\/wp-json\/wp\/v2\/comments?post=8703"}],"version-history":[{"count":1,"href":"https:\/\/saec.sp.gov.br\/index.php\/wp-json\/wp\/v2\/posts\/8703\/revisions"}],"predecessor-version":[{"id":8706,"href":"https:\/\/saec.sp.gov.br\/index.php\/wp-json\/wp\/v2\/posts\/8703\/revisions\/8706"}],"wp:featuredmedia":[{"embeddable":true,"href":"https:\/\/saec.sp.gov.br\/index.php\/wp-json\/wp\/v2\/media\/8704"}],"wp:attachment":[{"href":"https:\/\/saec.sp.gov.br\/index.php\/wp-json\/wp\/v2\/media?parent=8703"}],"wp:term":[{"taxonomy":"category","embeddable":true,"href":"https:\/\/saec.sp.gov.br\/index.php\/wp-json\/wp\/v2\/categories?post=8703"},{"taxonomy":"post_tag","embeddable":true,"href":"https:\/\/saec.sp.gov.br\/index.php\/wp-json\/wp\/v2\/tags?post=8703"}],"curies":[{"name":"wp","href":"https:\/\/api.w.org\/{rel}","templated":true}]}}