{"id":8707,"date":"2024-03-24T13:34:48","date_gmt":"2024-03-24T16:34:48","guid":{"rendered":"http:\/\/saec.sp.gov.br\/?p=8707"},"modified":"2024-03-25T13:36:43","modified_gmt":"2024-03-25T16:36:43","slug":"interdicao-programada-da-rua-7-de-setembro-em-25-03-24","status":"publish","type":"post","link":"https:\/\/saec.sp.gov.br\/index.php\/2024\/03\/24\/interdicao-programada-da-rua-7-de-setembro-em-25-03-24\/","title":{"rendered":"INTERDI\u00c7\u00c3O PROGRAMADA DA RUA 7 DE SETEMBRO EM 25\/03\/24"},"content":{"rendered":"<div class=\"xdj266r x11i5rnm xat24cr x1mh8g0r x1vvkbs x126k92a\">\n<div dir=\"auto\">A SAEC informa que a rua 7 de Setembro entre as ruas Piratininga e It\u00fa ser\u00e1 interditada nesta segunda, dia 25, a partir das 7h.<\/div>\n<\/div>\n<div class=\"x11i5rnm xat24cr x1mh8g0r x1vvkbs xtlvy1s x126k92a\">\n<div dir=\"auto\"><\/div>\n<div dir=\"auto\">Na ocasi\u00e3o, ser\u00e1 feita substitui\u00e7\u00e3o de ramais de \u00e1gua e esgoto. O trecho ser\u00e1 liberado para o tr\u00e2nsito de ve\u00edculos t\u00e3o logo os servi\u00e7os sejam finalizados, por volta das 10h.<\/div>\n<\/div>\n<div class=\"x11i5rnm xat24cr x1mh8g0r x1vvkbs xtlvy1s x126k92a\">\n<div dir=\"auto\"><\/div>\n<div dir=\"auto\">A SAEC orienta os motoristas a procurarem por rotas alternativas durante os trabalhos.<\/div>\n<\/div>\n<div class=\"x11i5rnm xat24cr x1mh8g0r x1vvkbs xtlvy1s x126k92a\">\n<div dir=\"auto\"><\/div>\n<div dir=\"auto\">Em caso de chuva, a interven\u00e7\u00e3o ser\u00e1 cancelada.<\/div>\n<\/div>\n<div dir=\"auto\"><\/div>\n<div dir=\"auto\">24\/03\/2024<\/div>\n","protected":false},"excerpt":{"rendered":"<p>A SAEC informa que a rua 7 de Setembro entre as ruas Piratininga e It\u00fa ser\u00e1 interditada nesta segunda, dia 25, a partir das 7h. Na ocasi\u00e3o, ser\u00e1 feita substitui\u00e7\u00e3o de ramais de \u00e1gua e esgoto. O trecho ser\u00e1 liberado para o tr\u00e2nsito de ve\u00edculos t\u00e3o logo os servi\u00e7os sejam finalizados, por volta das 10h. [&hellip;]<\/p>\n","protected":false},"author":12,"featured_media":7792,"comment_status":"closed","ping_status":"closed","sticky":false,"template":"","format":"standard","meta":{"footnotes":""},"categories":[41],"tags":[],"yoast_head":"<!-- This site is optimized with the Yoast SEO plugin v15.3 - https:\/\/yoast.com\/wordpress\/plugins\/seo\/ -->\n<title>INTERDI\u00c7\u00c3O PROGRAMADA DA RUA 7 DE SETEMBRO EM 25\/03\/24 - SAEC Superintendencia de Agua e Esgoto de Catanduva<\/title>\n<meta name=\"robots\" content=\"index, follow, max-snippet:-1, max-image-preview:large, max-video-preview:-1\" \/>\n<link rel=\"canonical\" href=\"https:\/\/saec.sp.gov.br\/index.php\/2024\/03\/24\/interdicao-programada-da-rua-7-de-setembro-em-25-03-24\/\" \/>\n<meta property=\"og:locale\" content=\"pt_BR\" \/>\n<meta property=\"og:type\" content=\"article\" \/>\n<meta property=\"og:title\" content=\"INTERDI\u00c7\u00c3O PROGRAMADA DA RUA 7 DE SETEMBRO EM 25\/03\/24 - SAEC Superintendencia de Agua e Esgoto de Catanduva\" \/>\n<meta property=\"og:description\" content=\"A SAEC informa que a rua 7 de Setembro entre as ruas Piratininga e It\u00fa ser\u00e1 interditada nesta segunda, dia 25, a partir das 7h. Na ocasi\u00e3o, ser\u00e1 feita substitui\u00e7\u00e3o de ramais de \u00e1gua e esgoto. O trecho ser\u00e1 liberado para o tr\u00e2nsito de ve\u00edculos t\u00e3o logo os servi\u00e7os sejam finalizados, por volta das 10h. [&hellip;]\" \/>\n<meta property=\"og:url\" content=\"https:\/\/saec.sp.gov.br\/index.php\/2024\/03\/24\/interdicao-programada-da-rua-7-de-setembro-em-25-03-24\/\" \/>\n<meta property=\"og:site_name\" content=\"SAEC Superintendencia de Agua e Esgoto de Catanduva\" \/>\n<meta property=\"article:published_time\" content=\"2024-03-24T16:34:48+00:00\" \/>\n<meta property=\"article:modified_time\" content=\"2024-03-25T16:36:43+00:00\" \/>\n<meta property=\"og:image\" content=\"https:\/\/saec.sp.gov.br\/wp-content\/uploads\/2023\/12\/INTERDICAO-DE-RUA.jpg\" \/>\n\t<meta property=\"og:image:width\" content=\"526\" \/>\n\t<meta property=\"og:image:height\" content=\"526\" \/>\n<meta name=\"twitter:card\" content=\"summary\" \/>\n<meta name=\"twitter:label1\" content=\"Written by\">\n\t<meta name=\"twitter:data1\" content=\"Karla Sibro\">\n\t<meta name=\"twitter:label2\" content=\"Est. reading time\">\n\t<meta name=\"twitter:data2\" content=\"0 minuto\">\n<script type=\"application\/ld+json\" class=\"yoast-schema-graph\">{\"@context\":\"https:\/\/schema.org\",\"@graph\":[{\"@type\":\"WebSite\",\"@id\":\"https:\/\/saec.sp.gov.br\/#website\",\"url\":\"https:\/\/saec.sp.gov.br\/\",\"name\":\"SAEC Superintendencia de Agua e Esgoto de Catanduva\",\"description\":\"SAEC\",\"potentialAction\":[{\"@type\":\"SearchAction\",\"target\":\"https:\/\/saec.sp.gov.br\/?s={search_term_string}\",\"query-input\":\"required name=search_term_string\"}],\"inLanguage\":\"pt-BR\"},{\"@type\":\"ImageObject\",\"@id\":\"https:\/\/saec.sp.gov.br\/index.php\/2024\/03\/24\/interdicao-programada-da-rua-7-de-setembro-em-25-03-24\/#primaryimage\",\"inLanguage\":\"pt-BR\",\"url\":\"https:\/\/saec.sp.gov.br\/wp-content\/uploads\/2023\/12\/INTERDICAO-DE-RUA.jpg\",\"width\":526,\"height\":526},{\"@type\":\"WebPage\",\"@id\":\"https:\/\/saec.sp.gov.br\/index.php\/2024\/03\/24\/interdicao-programada-da-rua-7-de-setembro-em-25-03-24\/#webpage\",\"url\":\"https:\/\/saec.sp.gov.br\/index.php\/2024\/03\/24\/interdicao-programada-da-rua-7-de-setembro-em-25-03-24\/\",\"name\":\"INTERDI\\u00c7\\u00c3O PROGRAMADA DA RUA 7 DE SETEMBRO EM 25\/03\/24 - SAEC Superintendencia de Agua e Esgoto de Catanduva\",\"isPartOf\":{\"@id\":\"https:\/\/saec.sp.gov.br\/#website\"},\"primaryImageOfPage\":{\"@id\":\"https:\/\/saec.sp.gov.br\/index.php\/2024\/03\/24\/interdicao-programada-da-rua-7-de-setembro-em-25-03-24\/#primaryimage\"},\"datePublished\":\"2024-03-24T16:34:48+00:00\",\"dateModified\":\"2024-03-25T16:36:43+00:00\",\"author\":{\"@id\":\"https:\/\/saec.sp.gov.br\/#\/schema\/person\/0adeb299f513c0b2fcb1812012e43dea\"},\"inLanguage\":\"pt-BR\",\"potentialAction\":[{\"@type\":\"ReadAction\",\"target\":[\"https:\/\/saec.sp.gov.br\/index.php\/2024\/03\/24\/interdicao-programada-da-rua-7-de-setembro-em-25-03-24\/\"]}]},{\"@type\":\"Person\",\"@id\":\"https:\/\/saec.sp.gov.br\/#\/schema\/person\/0adeb299f513c0b2fcb1812012e43dea\",\"name\":\"Karla Sibro\"}]}<\/script>\n<!-- \/ Yoast SEO plugin. -->","amp_validity":null,"amp_enabled":true,"_links":{"self":[{"href":"https:\/\/saec.sp.gov.br\/index.php\/wp-json\/wp\/v2\/posts\/8707"}],"collection":[{"href":"https:\/\/saec.sp.gov.br\/index.php\/wp-json\/wp\/v2\/posts"}],"about":[{"href":"https:\/\/saec.sp.gov.br\/index.php\/wp-json\/wp\/v2\/types\/post"}],"author":[{"embeddable":true,"href":"https:\/\/saec.sp.gov.br\/index.php\/wp-json\/wp\/v2\/users\/12"}],"replies":[{"embeddable":true,"href":"https:\/\/saec.sp.gov.br\/index.php\/wp-json\/wp\/v2\/comments?post=8707"}],"version-history":[{"count":1,"href":"https:\/\/saec.sp.gov.br\/index.php\/wp-json\/wp\/v2\/posts\/8707\/revisions"}],"predecessor-version":[{"id":8708,"href":"https:\/\/saec.sp.gov.br\/index.php\/wp-json\/wp\/v2\/posts\/8707\/revisions\/8708"}],"wp:featuredmedia":[{"embeddable":true,"href":"https:\/\/saec.sp.gov.br\/index.php\/wp-json\/wp\/v2\/media\/7792"}],"wp:attachment":[{"href":"https:\/\/saec.sp.gov.br\/index.php\/wp-json\/wp\/v2\/media?parent=8707"}],"wp:term":[{"taxonomy":"category","embeddable":true,"href":"https:\/\/saec.sp.gov.br\/index.php\/wp-json\/wp\/v2\/categories?post=8707"},{"taxonomy":"post_tag","embeddable":true,"href":"https:\/\/saec.sp.gov.br\/index.php\/wp-json\/wp\/v2\/tags?post=8707"}],"curies":[{"name":"wp","href":"https:\/\/api.w.org\/{rel}","templated":true}]}}