{"id":8709,"date":"2024-03-24T13:37:25","date_gmt":"2024-03-24T16:37:25","guid":{"rendered":"http:\/\/saec.sp.gov.br\/?p=8709"},"modified":"2024-03-25T13:38:53","modified_gmt":"2024-03-25T16:38:53","slug":"2o-simposio-da-saec-3","status":"publish","type":"post","link":"https:\/\/saec.sp.gov.br\/index.php\/2024\/03\/24\/2o-simposio-da-saec-3\/","title":{"rendered":"2\u00ba SIMP\u00d3SIO DA SAEC"},"content":{"rendered":"<div class=\"xdj266r x11i5rnm xat24cr x1mh8g0r x1vvkbs x126k92a\">\n<div dir=\"auto\">Momentos! O encerramento da Semana da \u00c1gua serviu para refor\u00e7ar a mensagem da import\u00e2ncia da preserva\u00e7\u00e3o desse bem t\u00e3o precioso. J\u00e1 dizia a can\u00e7\u00e3o&#8230; Terra, Planeta \u00c1gua.<\/div>\n<\/div>\n<div class=\"x11i5rnm xat24cr x1mh8g0r x1vvkbs xtlvy1s x126k92a\">\n<div dir=\"auto\"><\/div>\n<div dir=\"auto\">Confira imagens do evento realizado na manh\u00e3 desta sexta-feira, dia 22, Dia Mundial da \u00c1gua, no Teatro Municipal Aniz Pach\u00e1.<\/div>\n<\/div>\n<div class=\"x11i5rnm xat24cr x1mh8g0r x1vvkbs xtlvy1s x126k92a\">\n<div dir=\"auto\"><\/div>\n<div dir=\"auto\">Realiza\u00e7\u00e3o SAEC e Prefeitura.<\/div>\n<\/div>\n<div dir=\"auto\"><\/div>\n<div dir=\"auto\">24\/03\/2024<\/div>\n","protected":false},"excerpt":{"rendered":"<p>Momentos! O encerramento da Semana da \u00c1gua serviu para refor\u00e7ar a mensagem da import\u00e2ncia da preserva\u00e7\u00e3o desse bem t\u00e3o precioso. J\u00e1 dizia a can\u00e7\u00e3o&#8230; Terra, Planeta \u00c1gua. Confira imagens do evento realizado na manh\u00e3 desta sexta-feira, dia 22, Dia Mundial da \u00c1gua, no Teatro Municipal Aniz Pach\u00e1. Realiza\u00e7\u00e3o SAEC e Prefeitura. 24\/03\/2024<\/p>\n","protected":false},"author":12,"featured_media":8710,"comment_status":"closed","ping_status":"closed","sticky":false,"template":"","format":"standard","meta":{"footnotes":""},"categories":[41],"tags":[],"yoast_head":"<!-- This site is optimized with the Yoast SEO plugin v15.3 - https:\/\/yoast.com\/wordpress\/plugins\/seo\/ -->\n<title>2\u00ba SIMP\u00d3SIO DA SAEC - SAEC Superintendencia de Agua e Esgoto de Catanduva<\/title>\n<meta name=\"robots\" content=\"index, follow, max-snippet:-1, max-image-preview:large, max-video-preview:-1\" \/>\n<link rel=\"canonical\" href=\"https:\/\/saec.sp.gov.br\/index.php\/2024\/03\/24\/2o-simposio-da-saec-3\/\" \/>\n<meta property=\"og:locale\" content=\"pt_BR\" \/>\n<meta property=\"og:type\" content=\"article\" \/>\n<meta property=\"og:title\" content=\"2\u00ba SIMP\u00d3SIO DA SAEC - SAEC Superintendencia de Agua e Esgoto de Catanduva\" \/>\n<meta property=\"og:description\" content=\"Momentos! O encerramento da Semana da \u00c1gua serviu para refor\u00e7ar a mensagem da import\u00e2ncia da preserva\u00e7\u00e3o desse bem t\u00e3o precioso. J\u00e1 dizia a can\u00e7\u00e3o&#8230; Terra, Planeta \u00c1gua. Confira imagens do evento realizado na manh\u00e3 desta sexta-feira, dia 22, Dia Mundial da \u00c1gua, no Teatro Municipal Aniz Pach\u00e1. Realiza\u00e7\u00e3o SAEC e Prefeitura. 24\/03\/2024\" \/>\n<meta property=\"og:url\" content=\"https:\/\/saec.sp.gov.br\/index.php\/2024\/03\/24\/2o-simposio-da-saec-3\/\" \/>\n<meta property=\"og:site_name\" content=\"SAEC Superintendencia de Agua e Esgoto de Catanduva\" \/>\n<meta property=\"article:published_time\" content=\"2024-03-24T16:37:25+00:00\" \/>\n<meta property=\"article:modified_time\" content=\"2024-03-25T16:38:53+00:00\" \/>\n<meta property=\"og:image\" content=\"https:\/\/saec.sp.gov.br\/wp-content\/uploads\/2024\/03\/simposio.jpg\" \/>\n\t<meta property=\"og:image:width\" content=\"585\" \/>\n\t<meta property=\"og:image:height\" content=\"320\" \/>\n<meta name=\"twitter:card\" content=\"summary\" \/>\n<meta name=\"twitter:label1\" content=\"Written by\">\n\t<meta name=\"twitter:data1\" content=\"Karla Sibro\">\n\t<meta name=\"twitter:label2\" content=\"Est. reading time\">\n\t<meta name=\"twitter:data2\" content=\"0 minuto\">\n<script type=\"application\/ld+json\" class=\"yoast-schema-graph\">{\"@context\":\"https:\/\/schema.org\",\"@graph\":[{\"@type\":\"WebSite\",\"@id\":\"https:\/\/saec.sp.gov.br\/#website\",\"url\":\"https:\/\/saec.sp.gov.br\/\",\"name\":\"SAEC Superintendencia de Agua e Esgoto de Catanduva\",\"description\":\"SAEC\",\"potentialAction\":[{\"@type\":\"SearchAction\",\"target\":\"https:\/\/saec.sp.gov.br\/?s={search_term_string}\",\"query-input\":\"required name=search_term_string\"}],\"inLanguage\":\"pt-BR\"},{\"@type\":\"ImageObject\",\"@id\":\"https:\/\/saec.sp.gov.br\/index.php\/2024\/03\/24\/2o-simposio-da-saec-3\/#primaryimage\",\"inLanguage\":\"pt-BR\",\"url\":\"https:\/\/saec.sp.gov.br\/wp-content\/uploads\/2024\/03\/simposio.jpg\",\"width\":585,\"height\":320},{\"@type\":\"WebPage\",\"@id\":\"https:\/\/saec.sp.gov.br\/index.php\/2024\/03\/24\/2o-simposio-da-saec-3\/#webpage\",\"url\":\"https:\/\/saec.sp.gov.br\/index.php\/2024\/03\/24\/2o-simposio-da-saec-3\/\",\"name\":\"2\\u00ba SIMP\\u00d3SIO DA SAEC - SAEC Superintendencia de Agua e Esgoto de Catanduva\",\"isPartOf\":{\"@id\":\"https:\/\/saec.sp.gov.br\/#website\"},\"primaryImageOfPage\":{\"@id\":\"https:\/\/saec.sp.gov.br\/index.php\/2024\/03\/24\/2o-simposio-da-saec-3\/#primaryimage\"},\"datePublished\":\"2024-03-24T16:37:25+00:00\",\"dateModified\":\"2024-03-25T16:38:53+00:00\",\"author\":{\"@id\":\"https:\/\/saec.sp.gov.br\/#\/schema\/person\/0adeb299f513c0b2fcb1812012e43dea\"},\"inLanguage\":\"pt-BR\",\"potentialAction\":[{\"@type\":\"ReadAction\",\"target\":[\"https:\/\/saec.sp.gov.br\/index.php\/2024\/03\/24\/2o-simposio-da-saec-3\/\"]}]},{\"@type\":\"Person\",\"@id\":\"https:\/\/saec.sp.gov.br\/#\/schema\/person\/0adeb299f513c0b2fcb1812012e43dea\",\"name\":\"Karla Sibro\"}]}<\/script>\n<!-- \/ Yoast SEO plugin. -->","amp_validity":null,"amp_enabled":true,"_links":{"self":[{"href":"https:\/\/saec.sp.gov.br\/index.php\/wp-json\/wp\/v2\/posts\/8709"}],"collection":[{"href":"https:\/\/saec.sp.gov.br\/index.php\/wp-json\/wp\/v2\/posts"}],"about":[{"href":"https:\/\/saec.sp.gov.br\/index.php\/wp-json\/wp\/v2\/types\/post"}],"author":[{"embeddable":true,"href":"https:\/\/saec.sp.gov.br\/index.php\/wp-json\/wp\/v2\/users\/12"}],"replies":[{"embeddable":true,"href":"https:\/\/saec.sp.gov.br\/index.php\/wp-json\/wp\/v2\/comments?post=8709"}],"version-history":[{"count":1,"href":"https:\/\/saec.sp.gov.br\/index.php\/wp-json\/wp\/v2\/posts\/8709\/revisions"}],"predecessor-version":[{"id":8711,"href":"https:\/\/saec.sp.gov.br\/index.php\/wp-json\/wp\/v2\/posts\/8709\/revisions\/8711"}],"wp:featuredmedia":[{"embeddable":true,"href":"https:\/\/saec.sp.gov.br\/index.php\/wp-json\/wp\/v2\/media\/8710"}],"wp:attachment":[{"href":"https:\/\/saec.sp.gov.br\/index.php\/wp-json\/wp\/v2\/media?parent=8709"}],"wp:term":[{"taxonomy":"category","embeddable":true,"href":"https:\/\/saec.sp.gov.br\/index.php\/wp-json\/wp\/v2\/categories?post=8709"},{"taxonomy":"post_tag","embeddable":true,"href":"https:\/\/saec.sp.gov.br\/index.php\/wp-json\/wp\/v2\/tags?post=8709"}],"curies":[{"name":"wp","href":"https:\/\/api.w.org\/{rel}","templated":true}]}}