{"id":8756,"date":"2024-04-05T11:31:57","date_gmt":"2024-04-05T14:31:57","guid":{"rendered":"http:\/\/saec.sp.gov.br\/?p=8756"},"modified":"2024-04-08T11:34:10","modified_gmt":"2024-04-08T14:34:10","slug":"capacitacao-2","status":"publish","type":"post","link":"https:\/\/saec.sp.gov.br\/index.php\/2024\/04\/05\/capacitacao-2\/","title":{"rendered":"CAPACITA\u00c7\u00c3O"},"content":{"rendered":"<div class=\"xdj266r x11i5rnm xat24cr x1mh8g0r x1vvkbs x126k92a\">\n<div dir=\"auto\">Sextou com aprendizagem por aqui! Colaboradores da SAEC mandaram bem na capacita\u00e7\u00e3o de manejo com o compactador de solo.<\/div>\n<\/div>\n<div class=\"x11i5rnm xat24cr x1mh8g0r x1vvkbs xtlvy1s x126k92a\">\n<div dir=\"auto\"><\/div>\n<div dir=\"auto\">Parab\u00e9ns! Seguran\u00e7a em primeiro lugar!<\/div>\n<\/div>\n<div dir=\"auto\"><\/div>\n<div dir=\"auto\">05\/04\/2024<\/div>\n","protected":false},"excerpt":{"rendered":"<p>Sextou com aprendizagem por aqui! Colaboradores da SAEC mandaram bem na capacita\u00e7\u00e3o de manejo com o compactador de solo. Parab\u00e9ns! Seguran\u00e7a em primeiro lugar! 05\/04\/2024<\/p>\n","protected":false},"author":12,"featured_media":8757,"comment_status":"closed","ping_status":"closed","sticky":false,"template":"","format":"standard","meta":{"footnotes":""},"categories":[41],"tags":[],"yoast_head":"<!-- This site is optimized with the Yoast SEO plugin v15.3 - https:\/\/yoast.com\/wordpress\/plugins\/seo\/ -->\n<title>CAPACITA\u00c7\u00c3O - SAEC Superintendencia de Agua e Esgoto de Catanduva<\/title>\n<meta name=\"robots\" content=\"index, follow, max-snippet:-1, max-image-preview:large, max-video-preview:-1\" \/>\n<link rel=\"canonical\" href=\"https:\/\/saec.sp.gov.br\/index.php\/2024\/04\/05\/capacitacao-2\/\" \/>\n<meta property=\"og:locale\" content=\"pt_BR\" \/>\n<meta property=\"og:type\" content=\"article\" \/>\n<meta property=\"og:title\" content=\"CAPACITA\u00c7\u00c3O - SAEC Superintendencia de Agua e Esgoto de Catanduva\" \/>\n<meta property=\"og:description\" content=\"Sextou com aprendizagem por aqui! Colaboradores da SAEC mandaram bem na capacita\u00e7\u00e3o de manejo com o compactador de solo. Parab\u00e9ns! Seguran\u00e7a em primeiro lugar! 05\/04\/2024\" \/>\n<meta property=\"og:url\" content=\"https:\/\/saec.sp.gov.br\/index.php\/2024\/04\/05\/capacitacao-2\/\" \/>\n<meta property=\"og:site_name\" content=\"SAEC Superintendencia de Agua e Esgoto de Catanduva\" \/>\n<meta property=\"article:published_time\" content=\"2024-04-05T14:31:57+00:00\" \/>\n<meta property=\"article:modified_time\" content=\"2024-04-08T14:34:10+00:00\" \/>\n<meta property=\"og:image\" content=\"https:\/\/saec.sp.gov.br\/wp-content\/uploads\/2024\/04\/capacitacao-sapos.jpg\" \/>\n\t<meta property=\"og:image:width\" content=\"1832\" \/>\n\t<meta property=\"og:image:height\" content=\"1800\" \/>\n<meta name=\"twitter:card\" content=\"summary\" \/>\n<meta name=\"twitter:label1\" content=\"Written by\">\n\t<meta name=\"twitter:data1\" content=\"Karla Sibro\">\n\t<meta name=\"twitter:label2\" content=\"Est. reading time\">\n\t<meta name=\"twitter:data2\" content=\"0 minuto\">\n<script type=\"application\/ld+json\" class=\"yoast-schema-graph\">{\"@context\":\"https:\/\/schema.org\",\"@graph\":[{\"@type\":\"WebSite\",\"@id\":\"https:\/\/saec.sp.gov.br\/#website\",\"url\":\"https:\/\/saec.sp.gov.br\/\",\"name\":\"SAEC Superintendencia de Agua e Esgoto de Catanduva\",\"description\":\"SAEC\",\"potentialAction\":[{\"@type\":\"SearchAction\",\"target\":\"https:\/\/saec.sp.gov.br\/?s={search_term_string}\",\"query-input\":\"required name=search_term_string\"}],\"inLanguage\":\"pt-BR\"},{\"@type\":\"ImageObject\",\"@id\":\"https:\/\/saec.sp.gov.br\/index.php\/2024\/04\/05\/capacitacao-2\/#primaryimage\",\"inLanguage\":\"pt-BR\",\"url\":\"https:\/\/saec.sp.gov.br\/wp-content\/uploads\/2024\/04\/capacitacao-sapos.jpg\",\"width\":1832,\"height\":1800},{\"@type\":\"WebPage\",\"@id\":\"https:\/\/saec.sp.gov.br\/index.php\/2024\/04\/05\/capacitacao-2\/#webpage\",\"url\":\"https:\/\/saec.sp.gov.br\/index.php\/2024\/04\/05\/capacitacao-2\/\",\"name\":\"CAPACITA\\u00c7\\u00c3O - SAEC Superintendencia de Agua e Esgoto de Catanduva\",\"isPartOf\":{\"@id\":\"https:\/\/saec.sp.gov.br\/#website\"},\"primaryImageOfPage\":{\"@id\":\"https:\/\/saec.sp.gov.br\/index.php\/2024\/04\/05\/capacitacao-2\/#primaryimage\"},\"datePublished\":\"2024-04-05T14:31:57+00:00\",\"dateModified\":\"2024-04-08T14:34:10+00:00\",\"author\":{\"@id\":\"https:\/\/saec.sp.gov.br\/#\/schema\/person\/0adeb299f513c0b2fcb1812012e43dea\"},\"inLanguage\":\"pt-BR\",\"potentialAction\":[{\"@type\":\"ReadAction\",\"target\":[\"https:\/\/saec.sp.gov.br\/index.php\/2024\/04\/05\/capacitacao-2\/\"]}]},{\"@type\":\"Person\",\"@id\":\"https:\/\/saec.sp.gov.br\/#\/schema\/person\/0adeb299f513c0b2fcb1812012e43dea\",\"name\":\"Karla Sibro\"}]}<\/script>\n<!-- \/ Yoast SEO plugin. -->","amp_validity":null,"amp_enabled":true,"_links":{"self":[{"href":"https:\/\/saec.sp.gov.br\/index.php\/wp-json\/wp\/v2\/posts\/8756"}],"collection":[{"href":"https:\/\/saec.sp.gov.br\/index.php\/wp-json\/wp\/v2\/posts"}],"about":[{"href":"https:\/\/saec.sp.gov.br\/index.php\/wp-json\/wp\/v2\/types\/post"}],"author":[{"embeddable":true,"href":"https:\/\/saec.sp.gov.br\/index.php\/wp-json\/wp\/v2\/users\/12"}],"replies":[{"embeddable":true,"href":"https:\/\/saec.sp.gov.br\/index.php\/wp-json\/wp\/v2\/comments?post=8756"}],"version-history":[{"count":2,"href":"https:\/\/saec.sp.gov.br\/index.php\/wp-json\/wp\/v2\/posts\/8756\/revisions"}],"predecessor-version":[{"id":8759,"href":"https:\/\/saec.sp.gov.br\/index.php\/wp-json\/wp\/v2\/posts\/8756\/revisions\/8759"}],"wp:featuredmedia":[{"embeddable":true,"href":"https:\/\/saec.sp.gov.br\/index.php\/wp-json\/wp\/v2\/media\/8757"}],"wp:attachment":[{"href":"https:\/\/saec.sp.gov.br\/index.php\/wp-json\/wp\/v2\/media?parent=8756"}],"wp:term":[{"taxonomy":"category","embeddable":true,"href":"https:\/\/saec.sp.gov.br\/index.php\/wp-json\/wp\/v2\/categories?post=8756"},{"taxonomy":"post_tag","embeddable":true,"href":"https:\/\/saec.sp.gov.br\/index.php\/wp-json\/wp\/v2\/tags?post=8756"}],"curies":[{"name":"wp","href":"https:\/\/api.w.org\/{rel}","templated":true}]}}