{"id":8760,"date":"2024-04-06T11:38:19","date_gmt":"2024-04-06T14:38:19","guid":{"rendered":"http:\/\/saec.sp.gov.br\/?p=8760"},"modified":"2024-04-08T11:38:29","modified_gmt":"2024-04-08T14:38:29","slug":"interdicao-programada-da-rua-sao-paulo-a-partir-de-08-04-2024","status":"publish","type":"post","link":"https:\/\/saec.sp.gov.br\/index.php\/2024\/04\/06\/interdicao-programada-da-rua-sao-paulo-a-partir-de-08-04-2024\/","title":{"rendered":"INTERDI\u00c7\u00c3O PROGRAMADA DA RUA S\u00c3O PAULO, A PARTIR DE 08\/04\/2024"},"content":{"rendered":"<div class=\"xdj266r x11i5rnm xat24cr x1mh8g0r x1vvkbs x126k92a\">\n<div dir=\"auto\">Aten\u00e7\u00e3o, motoristas!<\/div>\n<\/div>\n<div class=\"x11i5rnm xat24cr x1mh8g0r x1vvkbs xtlvy1s x126k92a\">\n<div dir=\"auto\"><\/div>\n<div dir=\"auto\">Na pr\u00f3xima segunda-feira, dia 8, a rua S\u00e3o Paulo ser\u00e1 interditada\u00a0entre as ruas Rio Grande do Sul at\u00e9 o viaduto Santo Alfredo, a partir das 8 horas.<\/div>\n<div dir=\"auto\"><\/div>\n<div dir=\"auto\">Na ocasi\u00e3o, a SAEC retomar\u00e1 as obras de galerias pluviais, no bairro Higien\u00f3polis.<\/div>\n<\/div>\n<div class=\"x11i5rnm xat24cr x1mh8g0r x1vvkbs xtlvy1s x126k92a\">\n<div dir=\"auto\"><\/div>\n<div dir=\"auto\">Nesta nova etapa, ser\u00e3o executadas as escava\u00e7\u00f5es e assentamentos das redes de drenagem e redes de abastecimento de \u00e1gua. O trecho poder\u00e1 permanecer bloqueado at\u00e9 o dia 15 de abril, por volta das 18 horas. A a\u00e7\u00e3o ocorrer\u00e1 inclusive aos finais de semana e o hor\u00e1rio de trabalho poder\u00e1 ser<\/div>\n<div dir=\"auto\">estendido ao per\u00edodo noturno.<\/div>\n<\/div>\n<div class=\"x11i5rnm xat24cr x1mh8g0r x1vvkbs xtlvy1s x126k92a\">\n<div dir=\"auto\"><\/div>\n<div dir=\"auto\">A SAEC pede desculpas pelos transtornos e orienta os motoristas a procurarem por outras rotas alternativas durante os trabalhos.<\/div>\n<\/div>\n<div dir=\"auto\"><\/div>\n<div dir=\"auto\">06\/04\/2024<\/div>\n<div class=\"x11i5rnm xat24cr x1mh8g0r x1vvkbs xtlvy1s x126k92a\">\n<div dir=\"auto\"><\/div>\n<\/div>\n","protected":false},"excerpt":{"rendered":"<p>Aten\u00e7\u00e3o, motoristas! Na pr\u00f3xima segunda-feira, dia 8, a rua S\u00e3o Paulo ser\u00e1 interditada\u00a0entre as ruas Rio Grande do Sul at\u00e9 o viaduto Santo Alfredo, a partir das 8 horas. Na ocasi\u00e3o, a SAEC retomar\u00e1 as obras de galerias pluviais, no bairro Higien\u00f3polis. Nesta nova etapa, ser\u00e3o executadas as escava\u00e7\u00f5es e assentamentos das redes de drenagem [&hellip;]<\/p>\n","protected":false},"author":12,"featured_media":8748,"comment_status":"closed","ping_status":"closed","sticky":false,"template":"","format":"standard","meta":{"footnotes":""},"categories":[41],"tags":[],"yoast_head":"<!-- This site is optimized with the Yoast SEO plugin v15.3 - https:\/\/yoast.com\/wordpress\/plugins\/seo\/ -->\n<title>INTERDI\u00c7\u00c3O PROGRAMADA DA RUA S\u00c3O PAULO, A PARTIR DE 08\/04\/2024 - SAEC Superintendencia de Agua e Esgoto de Catanduva<\/title>\n<meta name=\"robots\" content=\"index, follow, max-snippet:-1, max-image-preview:large, max-video-preview:-1\" \/>\n<link rel=\"canonical\" href=\"https:\/\/saec.sp.gov.br\/index.php\/2024\/04\/06\/interdicao-programada-da-rua-sao-paulo-a-partir-de-08-04-2024\/\" \/>\n<meta property=\"og:locale\" content=\"pt_BR\" \/>\n<meta property=\"og:type\" content=\"article\" \/>\n<meta property=\"og:title\" content=\"INTERDI\u00c7\u00c3O PROGRAMADA DA RUA S\u00c3O PAULO, A PARTIR DE 08\/04\/2024 - SAEC Superintendencia de Agua e Esgoto de Catanduva\" \/>\n<meta property=\"og:description\" content=\"Aten\u00e7\u00e3o, motoristas! Na pr\u00f3xima segunda-feira, dia 8, a rua S\u00e3o Paulo ser\u00e1 interditada\u00a0entre as ruas Rio Grande do Sul at\u00e9 o viaduto Santo Alfredo, a partir das 8 horas. Na ocasi\u00e3o, a SAEC retomar\u00e1 as obras de galerias pluviais, no bairro Higien\u00f3polis. Nesta nova etapa, ser\u00e3o executadas as escava\u00e7\u00f5es e assentamentos das redes de drenagem [&hellip;]\" \/>\n<meta property=\"og:url\" content=\"https:\/\/saec.sp.gov.br\/index.php\/2024\/04\/06\/interdicao-programada-da-rua-sao-paulo-a-partir-de-08-04-2024\/\" \/>\n<meta property=\"og:site_name\" content=\"SAEC Superintendencia de Agua e Esgoto de Catanduva\" \/>\n<meta property=\"article:published_time\" content=\"2024-04-06T14:38:19+00:00\" \/>\n<meta property=\"article:modified_time\" content=\"2024-04-08T14:38:29+00:00\" \/>\n<meta property=\"og:image\" content=\"https:\/\/saec.sp.gov.br\/wp-content\/uploads\/2024\/04\/interdicao040424.jpg\" \/>\n\t<meta property=\"og:image:width\" content=\"526\" \/>\n\t<meta property=\"og:image:height\" content=\"526\" \/>\n<meta name=\"twitter:card\" content=\"summary\" \/>\n<meta name=\"twitter:label1\" content=\"Written by\">\n\t<meta name=\"twitter:data1\" content=\"Karla Sibro\">\n\t<meta name=\"twitter:label2\" content=\"Est. reading time\">\n\t<meta name=\"twitter:data2\" content=\"0 minuto\">\n<script type=\"application\/ld+json\" class=\"yoast-schema-graph\">{\"@context\":\"https:\/\/schema.org\",\"@graph\":[{\"@type\":\"WebSite\",\"@id\":\"https:\/\/saec.sp.gov.br\/#website\",\"url\":\"https:\/\/saec.sp.gov.br\/\",\"name\":\"SAEC Superintendencia de Agua e Esgoto de Catanduva\",\"description\":\"SAEC\",\"potentialAction\":[{\"@type\":\"SearchAction\",\"target\":\"https:\/\/saec.sp.gov.br\/?s={search_term_string}\",\"query-input\":\"required name=search_term_string\"}],\"inLanguage\":\"pt-BR\"},{\"@type\":\"ImageObject\",\"@id\":\"https:\/\/saec.sp.gov.br\/index.php\/2024\/04\/06\/interdicao-programada-da-rua-sao-paulo-a-partir-de-08-04-2024\/#primaryimage\",\"inLanguage\":\"pt-BR\",\"url\":\"https:\/\/saec.sp.gov.br\/wp-content\/uploads\/2024\/04\/interdicao040424.jpg\",\"width\":526,\"height\":526},{\"@type\":\"WebPage\",\"@id\":\"https:\/\/saec.sp.gov.br\/index.php\/2024\/04\/06\/interdicao-programada-da-rua-sao-paulo-a-partir-de-08-04-2024\/#webpage\",\"url\":\"https:\/\/saec.sp.gov.br\/index.php\/2024\/04\/06\/interdicao-programada-da-rua-sao-paulo-a-partir-de-08-04-2024\/\",\"name\":\"INTERDI\\u00c7\\u00c3O PROGRAMADA DA RUA S\\u00c3O PAULO, A PARTIR DE 08\/04\/2024 - SAEC Superintendencia de Agua e Esgoto de Catanduva\",\"isPartOf\":{\"@id\":\"https:\/\/saec.sp.gov.br\/#website\"},\"primaryImageOfPage\":{\"@id\":\"https:\/\/saec.sp.gov.br\/index.php\/2024\/04\/06\/interdicao-programada-da-rua-sao-paulo-a-partir-de-08-04-2024\/#primaryimage\"},\"datePublished\":\"2024-04-06T14:38:19+00:00\",\"dateModified\":\"2024-04-08T14:38:29+00:00\",\"author\":{\"@id\":\"https:\/\/saec.sp.gov.br\/#\/schema\/person\/0adeb299f513c0b2fcb1812012e43dea\"},\"inLanguage\":\"pt-BR\",\"potentialAction\":[{\"@type\":\"ReadAction\",\"target\":[\"https:\/\/saec.sp.gov.br\/index.php\/2024\/04\/06\/interdicao-programada-da-rua-sao-paulo-a-partir-de-08-04-2024\/\"]}]},{\"@type\":\"Person\",\"@id\":\"https:\/\/saec.sp.gov.br\/#\/schema\/person\/0adeb299f513c0b2fcb1812012e43dea\",\"name\":\"Karla Sibro\"}]}<\/script>\n<!-- \/ Yoast SEO plugin. -->","amp_validity":null,"amp_enabled":true,"_links":{"self":[{"href":"https:\/\/saec.sp.gov.br\/index.php\/wp-json\/wp\/v2\/posts\/8760"}],"collection":[{"href":"https:\/\/saec.sp.gov.br\/index.php\/wp-json\/wp\/v2\/posts"}],"about":[{"href":"https:\/\/saec.sp.gov.br\/index.php\/wp-json\/wp\/v2\/types\/post"}],"author":[{"embeddable":true,"href":"https:\/\/saec.sp.gov.br\/index.php\/wp-json\/wp\/v2\/users\/12"}],"replies":[{"embeddable":true,"href":"https:\/\/saec.sp.gov.br\/index.php\/wp-json\/wp\/v2\/comments?post=8760"}],"version-history":[{"count":1,"href":"https:\/\/saec.sp.gov.br\/index.php\/wp-json\/wp\/v2\/posts\/8760\/revisions"}],"predecessor-version":[{"id":8761,"href":"https:\/\/saec.sp.gov.br\/index.php\/wp-json\/wp\/v2\/posts\/8760\/revisions\/8761"}],"wp:featuredmedia":[{"embeddable":true,"href":"https:\/\/saec.sp.gov.br\/index.php\/wp-json\/wp\/v2\/media\/8748"}],"wp:attachment":[{"href":"https:\/\/saec.sp.gov.br\/index.php\/wp-json\/wp\/v2\/media?parent=8760"}],"wp:term":[{"taxonomy":"category","embeddable":true,"href":"https:\/\/saec.sp.gov.br\/index.php\/wp-json\/wp\/v2\/categories?post=8760"},{"taxonomy":"post_tag","embeddable":true,"href":"https:\/\/saec.sp.gov.br\/index.php\/wp-json\/wp\/v2\/tags?post=8760"}],"curies":[{"name":"wp","href":"https:\/\/api.w.org\/{rel}","templated":true}]}}