{"id":8854,"date":"2024-04-25T13:51:15","date_gmt":"2024-04-25T16:51:15","guid":{"rendered":"http:\/\/saec.sp.gov.br\/?p=8854"},"modified":"2024-04-25T14:41:19","modified_gmt":"2024-04-25T17:41:19","slug":"interrupcao-emergencial-no-abastecimento-de-agua-27","status":"publish","type":"post","link":"https:\/\/saec.sp.gov.br\/index.php\/2024\/04\/25\/interrupcao-emergencial-no-abastecimento-de-agua-27\/","title":{"rendered":"INTERRUP\u00c7\u00c3O EMERGENCIAL NO ABASTECIMENTO DE \u00c1GUA"},"content":{"rendered":"<div class=\"xdj266r x11i5rnm xat24cr x1mh8g0r x1vvkbs x126k92a\">\n<div dir=\"auto\">A SAEC comunica aos moradores sobre interrup\u00e7\u00e3o emergencial no fornecimento de \u00e1gua nesta quinta-feira, dia 25, a partir das 14h.<\/div>\n<\/div>\n<div class=\"x11i5rnm xat24cr x1mh8g0r x1vvkbs xtlvy1s x126k92a\">\n<div dir=\"auto\"><\/div>\n<div dir=\"auto\">Ser\u00e3o atingidos os bairros: Jardim Cl\u00e9lia, Parque Joaquim Lopes, Jardim Aeroporto, Jardim Brasil, Vila Juca Pedro, Vila S\u00e3o Pedro, Jardim Am\u00eandola, Agudo Rom\u00e3o, Centro, Jardim Santo Ant\u00f4nio, Jardim Bel\u00e9m e Vila Olinda.<\/div>\n<\/div>\n<div class=\"x11i5rnm xat24cr x1mh8g0r x1vvkbs xtlvy1s x126k92a\">\n<div dir=\"auto\"><\/div>\n<div dir=\"auto\">Equipe fechar\u00e1 o reservat\u00f3rio para fazer interliga\u00e7\u00e3o em rede de \u00e1gua na rua Salvador esquina com a avenida 24 de Fevereiro.<\/div>\n<\/div>\n<div class=\"x11i5rnm xat24cr x1mh8g0r x1vvkbs xtlvy1s x126k92a\">\n<div dir=\"auto\"><\/div>\n<div dir=\"auto\">A previs\u00e3o \u00e9 de que o servi\u00e7o seja conclu\u00eddo at\u00e9 \u00e0s 16h.<\/div>\n<\/div>\n<div class=\"x11i5rnm xat24cr x1mh8g0r x1vvkbs xtlvy1s x126k92a\">\n<div dir=\"auto\"><\/div>\n<div dir=\"auto\">A SAEC pede que os moradores economizem \u00e1gua para que n\u00e3o ocorra desabastecimento.<\/div>\n<\/div>\n<div dir=\"auto\"><\/div>\n<div dir=\"auto\">25\/04\/2024<\/div>\n","protected":false},"excerpt":{"rendered":"<p>A SAEC comunica aos moradores sobre interrup\u00e7\u00e3o emergencial no fornecimento de \u00e1gua nesta quinta-feira, dia 25, a partir das 14h. Ser\u00e3o atingidos os bairros: Jardim Cl\u00e9lia, Parque Joaquim Lopes, Jardim Aeroporto, Jardim Brasil, Vila Juca Pedro, Vila S\u00e3o Pedro, Jardim Am\u00eandola, Agudo Rom\u00e3o, Centro, Jardim Santo Ant\u00f4nio, Jardim Bel\u00e9m e Vila Olinda. Equipe fechar\u00e1 o [&hellip;]<\/p>\n","protected":false},"author":12,"featured_media":8278,"comment_status":"closed","ping_status":"closed","sticky":false,"template":"","format":"standard","meta":{"footnotes":""},"categories":[49],"tags":[],"yoast_head":"<!-- This site is optimized with the Yoast SEO plugin v15.3 - https:\/\/yoast.com\/wordpress\/plugins\/seo\/ -->\n<title>INTERRUP\u00c7\u00c3O EMERGENCIAL NO ABASTECIMENTO DE \u00c1GUA - SAEC Superintendencia de Agua e Esgoto de Catanduva<\/title>\n<meta name=\"robots\" content=\"index, follow, max-snippet:-1, max-image-preview:large, max-video-preview:-1\" \/>\n<link rel=\"canonical\" href=\"https:\/\/saec.sp.gov.br\/index.php\/2024\/04\/25\/interrupcao-emergencial-no-abastecimento-de-agua-27\/\" \/>\n<meta property=\"og:locale\" content=\"pt_BR\" \/>\n<meta property=\"og:type\" content=\"article\" \/>\n<meta property=\"og:title\" content=\"INTERRUP\u00c7\u00c3O EMERGENCIAL NO ABASTECIMENTO DE \u00c1GUA - SAEC Superintendencia de Agua e Esgoto de Catanduva\" \/>\n<meta property=\"og:description\" content=\"A SAEC comunica aos moradores sobre interrup\u00e7\u00e3o emergencial no fornecimento de \u00e1gua nesta quinta-feira, dia 25, a partir das 14h. Ser\u00e3o atingidos os bairros: Jardim Cl\u00e9lia, Parque Joaquim Lopes, Jardim Aeroporto, Jardim Brasil, Vila Juca Pedro, Vila S\u00e3o Pedro, Jardim Am\u00eandola, Agudo Rom\u00e3o, Centro, Jardim Santo Ant\u00f4nio, Jardim Bel\u00e9m e Vila Olinda. Equipe fechar\u00e1 o [&hellip;]\" \/>\n<meta property=\"og:url\" content=\"https:\/\/saec.sp.gov.br\/index.php\/2024\/04\/25\/interrupcao-emergencial-no-abastecimento-de-agua-27\/\" \/>\n<meta property=\"og:site_name\" content=\"SAEC Superintendencia de Agua e Esgoto de Catanduva\" \/>\n<meta property=\"article:published_time\" content=\"2024-04-25T16:51:15+00:00\" \/>\n<meta property=\"article:modified_time\" content=\"2024-04-25T17:41:19+00:00\" \/>\n<meta property=\"og:image\" content=\"https:\/\/saec.sp.gov.br\/wp-content\/uploads\/2024\/02\/interrupcao-de-fornecimento-de-agua.jpg\" \/>\n\t<meta property=\"og:image:width\" content=\"526\" \/>\n\t<meta property=\"og:image:height\" content=\"526\" \/>\n<meta name=\"twitter:card\" content=\"summary\" \/>\n<meta name=\"twitter:label1\" content=\"Written by\">\n\t<meta name=\"twitter:data1\" content=\"Karla Sibro\">\n\t<meta name=\"twitter:label2\" content=\"Est. reading time\">\n\t<meta name=\"twitter:data2\" content=\"0 minuto\">\n<script type=\"application\/ld+json\" class=\"yoast-schema-graph\">{\"@context\":\"https:\/\/schema.org\",\"@graph\":[{\"@type\":\"WebSite\",\"@id\":\"https:\/\/saec.sp.gov.br\/#website\",\"url\":\"https:\/\/saec.sp.gov.br\/\",\"name\":\"SAEC Superintendencia de Agua e Esgoto de Catanduva\",\"description\":\"SAEC\",\"potentialAction\":[{\"@type\":\"SearchAction\",\"target\":\"https:\/\/saec.sp.gov.br\/?s={search_term_string}\",\"query-input\":\"required name=search_term_string\"}],\"inLanguage\":\"pt-BR\"},{\"@type\":\"ImageObject\",\"@id\":\"https:\/\/saec.sp.gov.br\/index.php\/2024\/04\/25\/interrupcao-emergencial-no-abastecimento-de-agua-27\/#primaryimage\",\"inLanguage\":\"pt-BR\",\"url\":\"https:\/\/saec.sp.gov.br\/wp-content\/uploads\/2024\/02\/interrupcao-de-fornecimento-de-agua.jpg\",\"width\":526,\"height\":526},{\"@type\":\"WebPage\",\"@id\":\"https:\/\/saec.sp.gov.br\/index.php\/2024\/04\/25\/interrupcao-emergencial-no-abastecimento-de-agua-27\/#webpage\",\"url\":\"https:\/\/saec.sp.gov.br\/index.php\/2024\/04\/25\/interrupcao-emergencial-no-abastecimento-de-agua-27\/\",\"name\":\"INTERRUP\\u00c7\\u00c3O EMERGENCIAL NO ABASTECIMENTO DE \\u00c1GUA - SAEC Superintendencia de Agua e Esgoto de Catanduva\",\"isPartOf\":{\"@id\":\"https:\/\/saec.sp.gov.br\/#website\"},\"primaryImageOfPage\":{\"@id\":\"https:\/\/saec.sp.gov.br\/index.php\/2024\/04\/25\/interrupcao-emergencial-no-abastecimento-de-agua-27\/#primaryimage\"},\"datePublished\":\"2024-04-25T16:51:15+00:00\",\"dateModified\":\"2024-04-25T17:41:19+00:00\",\"author\":{\"@id\":\"https:\/\/saec.sp.gov.br\/#\/schema\/person\/0adeb299f513c0b2fcb1812012e43dea\"},\"inLanguage\":\"pt-BR\",\"potentialAction\":[{\"@type\":\"ReadAction\",\"target\":[\"https:\/\/saec.sp.gov.br\/index.php\/2024\/04\/25\/interrupcao-emergencial-no-abastecimento-de-agua-27\/\"]}]},{\"@type\":\"Person\",\"@id\":\"https:\/\/saec.sp.gov.br\/#\/schema\/person\/0adeb299f513c0b2fcb1812012e43dea\",\"name\":\"Karla Sibro\"}]}<\/script>\n<!-- \/ Yoast SEO plugin. -->","amp_validity":null,"amp_enabled":true,"_links":{"self":[{"href":"https:\/\/saec.sp.gov.br\/index.php\/wp-json\/wp\/v2\/posts\/8854"}],"collection":[{"href":"https:\/\/saec.sp.gov.br\/index.php\/wp-json\/wp\/v2\/posts"}],"about":[{"href":"https:\/\/saec.sp.gov.br\/index.php\/wp-json\/wp\/v2\/types\/post"}],"author":[{"embeddable":true,"href":"https:\/\/saec.sp.gov.br\/index.php\/wp-json\/wp\/v2\/users\/12"}],"replies":[{"embeddable":true,"href":"https:\/\/saec.sp.gov.br\/index.php\/wp-json\/wp\/v2\/comments?post=8854"}],"version-history":[{"count":2,"href":"https:\/\/saec.sp.gov.br\/index.php\/wp-json\/wp\/v2\/posts\/8854\/revisions"}],"predecessor-version":[{"id":8856,"href":"https:\/\/saec.sp.gov.br\/index.php\/wp-json\/wp\/v2\/posts\/8854\/revisions\/8856"}],"wp:featuredmedia":[{"embeddable":true,"href":"https:\/\/saec.sp.gov.br\/index.php\/wp-json\/wp\/v2\/media\/8278"}],"wp:attachment":[{"href":"https:\/\/saec.sp.gov.br\/index.php\/wp-json\/wp\/v2\/media?parent=8854"}],"wp:term":[{"taxonomy":"category","embeddable":true,"href":"https:\/\/saec.sp.gov.br\/index.php\/wp-json\/wp\/v2\/categories?post=8854"},{"taxonomy":"post_tag","embeddable":true,"href":"https:\/\/saec.sp.gov.br\/index.php\/wp-json\/wp\/v2\/tags?post=8854"}],"curies":[{"name":"wp","href":"https:\/\/api.w.org\/{rel}","templated":true}]}}