{"id":9255,"date":"2024-06-14T16:25:22","date_gmt":"2024-06-14T19:25:22","guid":{"rendered":"http:\/\/saec.sp.gov.br\/?p=9255"},"modified":"2024-06-14T16:25:22","modified_gmt":"2024-06-14T19:25:22","slug":"levantamento-topografico","status":"publish","type":"post","link":"https:\/\/saec.sp.gov.br\/index.php\/2024\/06\/14\/levantamento-topografico\/","title":{"rendered":"LEVANTAMENTO TOPOGR\u00c1FICO"},"content":{"rendered":"<div class=\"xdj266r x11i5rnm xat24cr x1mh8g0r x1vvkbs x126k92a\">\n<div dir=\"auto\">Aten\u00e7\u00e3o, moradores do Jardim dos Coqueiros II. Na pr\u00f3xima segunda, dia 17, t\u00e9cnicos da empresa Gunar Engenharia e Topografia, realizar\u00e3o levantamento topogr\u00e1fico nas margens do c\u00f3rrego dos Coqueiros.<\/div>\n<\/div>\n<div class=\"x11i5rnm xat24cr x1mh8g0r x1vvkbs xtlvy1s x126k92a\">\n<div dir=\"auto\"><\/div>\n<div dir=\"auto\">Por medida de seguran\u00e7a, a Saec informa que os respons\u00e1veis, talvez ter\u00e3o necessidade de ter acesso aos im\u00f3veis, localizados a rua Miracema, caso isso seja necess\u00e1rio, pedimos a compreens\u00e3o e autoriza\u00e7\u00e3o dos moradores para que os mesmos possam prosseguir com os trabalhos.<\/div>\n<\/div>\n<div class=\"x11i5rnm xat24cr x1mh8g0r x1vvkbs xtlvy1s x126k92a\">\n<div dir=\"auto\"><\/div>\n<div dir=\"auto\">Os top\u00f3grafos estar\u00e3o devidamente identificados com crach\u00e1 e uniformizados. Se precisarem de mais informa\u00e7\u00f5es, por favor, entrem em contato com a Saec.<\/div>\n<\/div>\n<div class=\"x11i5rnm xat24cr x1mh8g0r x1vvkbs xtlvy1s x126k92a\">\n<div dir=\"auto\"><\/div>\n<div dir=\"auto\">A a\u00e7\u00e3o tem como objetivo dar suporte na formula\u00e7\u00e3o do Plano Diretor Municipal de Saneamento B\u00e1sico.<\/div>\n<\/div>\n<div class=\"x11i5rnm xat24cr x1mh8g0r x1vvkbs xtlvy1s x126k92a\">\n<div dir=\"auto\"><\/div>\n<div dir=\"auto\">Equipe da Saec enviou pessoalmente comunicado nas resid\u00eancias dos bairros.<\/div>\n<\/div>\n<div dir=\"auto\"><\/div>\n<div dir=\"auto\">14\/06\/2024<\/div>\n","protected":false},"excerpt":{"rendered":"<p>Aten\u00e7\u00e3o, moradores do Jardim dos Coqueiros II. Na pr\u00f3xima segunda, dia 17, t\u00e9cnicos da empresa Gunar Engenharia e Topografia, realizar\u00e3o levantamento topogr\u00e1fico nas margens do c\u00f3rrego dos Coqueiros. Por medida de seguran\u00e7a, a Saec informa que os respons\u00e1veis, talvez ter\u00e3o necessidade de ter acesso aos im\u00f3veis, localizados a rua Miracema, caso isso seja necess\u00e1rio, pedimos [&hellip;]<\/p>\n","protected":false},"author":12,"featured_media":9256,"comment_status":"closed","ping_status":"closed","sticky":false,"template":"","format":"standard","meta":{"footnotes":""},"categories":[41],"tags":[],"yoast_head":"<!-- This site is optimized with the Yoast SEO plugin v15.3 - https:\/\/yoast.com\/wordpress\/plugins\/seo\/ -->\n<title>LEVANTAMENTO TOPOGR\u00c1FICO - SAEC Superintendencia de Agua e Esgoto de Catanduva<\/title>\n<meta name=\"robots\" content=\"index, follow, max-snippet:-1, max-image-preview:large, max-video-preview:-1\" \/>\n<link rel=\"canonical\" href=\"https:\/\/saec.sp.gov.br\/index.php\/2024\/06\/14\/levantamento-topografico\/\" \/>\n<meta property=\"og:locale\" content=\"pt_BR\" \/>\n<meta property=\"og:type\" content=\"article\" \/>\n<meta property=\"og:title\" content=\"LEVANTAMENTO TOPOGR\u00c1FICO - SAEC Superintendencia de Agua e Esgoto de Catanduva\" \/>\n<meta property=\"og:description\" content=\"Aten\u00e7\u00e3o, moradores do Jardim dos Coqueiros II. Na pr\u00f3xima segunda, dia 17, t\u00e9cnicos da empresa Gunar Engenharia e Topografia, realizar\u00e3o levantamento topogr\u00e1fico nas margens do c\u00f3rrego dos Coqueiros. Por medida de seguran\u00e7a, a Saec informa que os respons\u00e1veis, talvez ter\u00e3o necessidade de ter acesso aos im\u00f3veis, localizados a rua Miracema, caso isso seja necess\u00e1rio, pedimos [&hellip;]\" \/>\n<meta property=\"og:url\" content=\"https:\/\/saec.sp.gov.br\/index.php\/2024\/06\/14\/levantamento-topografico\/\" \/>\n<meta property=\"og:site_name\" content=\"SAEC Superintendencia de Agua e Esgoto de Catanduva\" \/>\n<meta property=\"article:published_time\" content=\"2024-06-14T19:25:22+00:00\" \/>\n<meta property=\"og:image\" content=\"https:\/\/saec.sp.gov.br\/wp-content\/uploads\/2024\/06\/24.jpg\" \/>\n\t<meta property=\"og:image:width\" content=\"1600\" \/>\n\t<meta property=\"og:image:height\" content=\"1200\" \/>\n<meta name=\"twitter:card\" content=\"summary\" \/>\n<meta name=\"twitter:label1\" content=\"Written by\">\n\t<meta name=\"twitter:data1\" content=\"Karla Sibro\">\n\t<meta name=\"twitter:label2\" content=\"Est. reading time\">\n\t<meta name=\"twitter:data2\" content=\"1 minuto\">\n<script type=\"application\/ld+json\" class=\"yoast-schema-graph\">{\"@context\":\"https:\/\/schema.org\",\"@graph\":[{\"@type\":\"WebSite\",\"@id\":\"https:\/\/saec.sp.gov.br\/#website\",\"url\":\"https:\/\/saec.sp.gov.br\/\",\"name\":\"SAEC Superintendencia de Agua e Esgoto de Catanduva\",\"description\":\"SAEC\",\"potentialAction\":[{\"@type\":\"SearchAction\",\"target\":\"https:\/\/saec.sp.gov.br\/?s={search_term_string}\",\"query-input\":\"required name=search_term_string\"}],\"inLanguage\":\"pt-BR\"},{\"@type\":\"ImageObject\",\"@id\":\"https:\/\/saec.sp.gov.br\/index.php\/2024\/06\/14\/levantamento-topografico\/#primaryimage\",\"inLanguage\":\"pt-BR\",\"url\":\"https:\/\/saec.sp.gov.br\/wp-content\/uploads\/2024\/06\/24.jpg\",\"width\":1600,\"height\":1200},{\"@type\":\"WebPage\",\"@id\":\"https:\/\/saec.sp.gov.br\/index.php\/2024\/06\/14\/levantamento-topografico\/#webpage\",\"url\":\"https:\/\/saec.sp.gov.br\/index.php\/2024\/06\/14\/levantamento-topografico\/\",\"name\":\"LEVANTAMENTO TOPOGR\\u00c1FICO - SAEC Superintendencia de Agua e Esgoto de Catanduva\",\"isPartOf\":{\"@id\":\"https:\/\/saec.sp.gov.br\/#website\"},\"primaryImageOfPage\":{\"@id\":\"https:\/\/saec.sp.gov.br\/index.php\/2024\/06\/14\/levantamento-topografico\/#primaryimage\"},\"datePublished\":\"2024-06-14T19:25:22+00:00\",\"dateModified\":\"2024-06-14T19:25:22+00:00\",\"author\":{\"@id\":\"https:\/\/saec.sp.gov.br\/#\/schema\/person\/0adeb299f513c0b2fcb1812012e43dea\"},\"inLanguage\":\"pt-BR\",\"potentialAction\":[{\"@type\":\"ReadAction\",\"target\":[\"https:\/\/saec.sp.gov.br\/index.php\/2024\/06\/14\/levantamento-topografico\/\"]}]},{\"@type\":\"Person\",\"@id\":\"https:\/\/saec.sp.gov.br\/#\/schema\/person\/0adeb299f513c0b2fcb1812012e43dea\",\"name\":\"Karla Sibro\"}]}<\/script>\n<!-- \/ Yoast SEO plugin. -->","amp_validity":null,"amp_enabled":true,"_links":{"self":[{"href":"https:\/\/saec.sp.gov.br\/index.php\/wp-json\/wp\/v2\/posts\/9255"}],"collection":[{"href":"https:\/\/saec.sp.gov.br\/index.php\/wp-json\/wp\/v2\/posts"}],"about":[{"href":"https:\/\/saec.sp.gov.br\/index.php\/wp-json\/wp\/v2\/types\/post"}],"author":[{"embeddable":true,"href":"https:\/\/saec.sp.gov.br\/index.php\/wp-json\/wp\/v2\/users\/12"}],"replies":[{"embeddable":true,"href":"https:\/\/saec.sp.gov.br\/index.php\/wp-json\/wp\/v2\/comments?post=9255"}],"version-history":[{"count":1,"href":"https:\/\/saec.sp.gov.br\/index.php\/wp-json\/wp\/v2\/posts\/9255\/revisions"}],"predecessor-version":[{"id":9257,"href":"https:\/\/saec.sp.gov.br\/index.php\/wp-json\/wp\/v2\/posts\/9255\/revisions\/9257"}],"wp:featuredmedia":[{"embeddable":true,"href":"https:\/\/saec.sp.gov.br\/index.php\/wp-json\/wp\/v2\/media\/9256"}],"wp:attachment":[{"href":"https:\/\/saec.sp.gov.br\/index.php\/wp-json\/wp\/v2\/media?parent=9255"}],"wp:term":[{"taxonomy":"category","embeddable":true,"href":"https:\/\/saec.sp.gov.br\/index.php\/wp-json\/wp\/v2\/categories?post=9255"},{"taxonomy":"post_tag","embeddable":true,"href":"https:\/\/saec.sp.gov.br\/index.php\/wp-json\/wp\/v2\/tags?post=9255"}],"curies":[{"name":"wp","href":"https:\/\/api.w.org\/{rel}","templated":true}]}}