{"id":9559,"date":"2024-11-27T11:04:07","date_gmt":"2024-11-27T14:04:07","guid":{"rendered":"https:\/\/saec.sp.gov.br\/?p=9559"},"modified":"2024-11-28T11:05:51","modified_gmt":"2024-11-28T14:05:51","slug":"interrupcao-programada-no-abastecimento-de-agua-8","status":"publish","type":"post","link":"https:\/\/saec.sp.gov.br\/index.php\/2024\/11\/27\/interrupcao-programada-no-abastecimento-de-agua-8\/","title":{"rendered":"INTERRUP\u00c7\u00c3O PROGRAMADA NO ABASTECIMENTO DE \u00c1GUA"},"content":{"rendered":"<p>A SAEC\u00a0 comunica os moradores sobre interrup\u00e7\u00e3o emergencial no fornecimento de \u00e1gua nesta quarta-feira, dia 27, a partir das 12h.<\/p>\n<p>Ser\u00e3o atingidos os bairros: Jardim Cl\u00e9lia, Parque Joaquim Lopes, Jardim Aeroporto, Jardim Brasil, Vila Juca Pedro, Vila S\u00e3o Pedro, Jardim Am\u00eandola, Agudo Rom\u00e3o, Centro, Jardim Santo Ant\u00f4nio, Jardim Bel\u00e9m e Vila Olinda.<\/p>\n<p>Equipe precisou fechar o reservat\u00f3rio para fazer manuten\u00e7\u00e3o em rede de \u00e1gua quebrada na rua Recife.<\/p>\n<p>A previs\u00e3o \u00e9 de que o servi\u00e7o seja conclu\u00eddo at\u00e9 \u00e0s 17h.<\/p>\n<p>A SAEC pede que os moradores economizem \u00e1gua para que n\u00e3o ocorra desabastecimento. Por conta dos trabalhos, a rua Recife esquina com a Rio Branco precisou ser interditada.<\/p>\n<p>A orienta\u00e7\u00e3o que os condutores usem rotas alternativas.<\/p>\n","protected":false},"excerpt":{"rendered":"<p>A SAEC\u00a0 comunica os moradores sobre interrup\u00e7\u00e3o emergencial no fornecimento de \u00e1gua nesta quarta-feira, dia 27, a partir das 12h. Ser\u00e3o atingidos os bairros: Jardim Cl\u00e9lia, Parque Joaquim Lopes, Jardim Aeroporto, Jardim Brasil, Vila Juca Pedro, Vila S\u00e3o Pedro, Jardim Am\u00eandola, Agudo Rom\u00e3o, Centro, Jardim Santo Ant\u00f4nio, Jardim Bel\u00e9m e Vila Olinda. Equipe precisou fechar [&hellip;]<\/p>\n","protected":false},"author":12,"featured_media":9277,"comment_status":"closed","ping_status":"closed","sticky":false,"template":"","format":"standard","meta":{"footnotes":""},"categories":[49],"tags":[],"yoast_head":"<!-- This site is optimized with the Yoast SEO plugin v15.3 - https:\/\/yoast.com\/wordpress\/plugins\/seo\/ -->\n<title>INTERRUP\u00c7\u00c3O PROGRAMADA NO ABASTECIMENTO DE \u00c1GUA - SAEC Superintendencia de Agua e Esgoto de Catanduva<\/title>\n<meta name=\"robots\" content=\"index, follow, max-snippet:-1, max-image-preview:large, max-video-preview:-1\" \/>\n<link rel=\"canonical\" href=\"https:\/\/saec.sp.gov.br\/index.php\/2024\/11\/27\/interrupcao-programada-no-abastecimento-de-agua-8\/\" \/>\n<meta property=\"og:locale\" content=\"pt_BR\" \/>\n<meta property=\"og:type\" content=\"article\" \/>\n<meta property=\"og:title\" content=\"INTERRUP\u00c7\u00c3O PROGRAMADA NO ABASTECIMENTO DE \u00c1GUA - SAEC Superintendencia de Agua e Esgoto de Catanduva\" \/>\n<meta property=\"og:description\" content=\"A SAEC\u00a0 comunica os moradores sobre interrup\u00e7\u00e3o emergencial no fornecimento de \u00e1gua nesta quarta-feira, dia 27, a partir das 12h. Ser\u00e3o atingidos os bairros: Jardim Cl\u00e9lia, Parque Joaquim Lopes, Jardim Aeroporto, Jardim Brasil, Vila Juca Pedro, Vila S\u00e3o Pedro, Jardim Am\u00eandola, Agudo Rom\u00e3o, Centro, Jardim Santo Ant\u00f4nio, Jardim Bel\u00e9m e Vila Olinda. Equipe precisou fechar [&hellip;]\" \/>\n<meta property=\"og:url\" content=\"https:\/\/saec.sp.gov.br\/index.php\/2024\/11\/27\/interrupcao-programada-no-abastecimento-de-agua-8\/\" \/>\n<meta property=\"og:site_name\" content=\"SAEC Superintendencia de Agua e Esgoto de Catanduva\" \/>\n<meta property=\"article:published_time\" content=\"2024-11-27T14:04:07+00:00\" \/>\n<meta property=\"article:modified_time\" content=\"2024-11-28T14:05:51+00:00\" \/>\n<meta property=\"og:image\" content=\"https:\/\/saec.sp.gov.br\/wp-content\/uploads\/2024\/06\/interrupcao-fornecimento-de-agua.jpg\" \/>\n\t<meta property=\"og:image:width\" content=\"1080\" \/>\n\t<meta property=\"og:image:height\" content=\"1080\" \/>\n<meta name=\"twitter:card\" content=\"summary\" \/>\n<meta name=\"twitter:label1\" content=\"Written by\">\n\t<meta name=\"twitter:data1\" content=\"Karla Sibro\">\n\t<meta name=\"twitter:label2\" content=\"Est. reading time\">\n\t<meta name=\"twitter:data2\" content=\"1 minuto\">\n<script type=\"application\/ld+json\" class=\"yoast-schema-graph\">{\"@context\":\"https:\/\/schema.org\",\"@graph\":[{\"@type\":\"WebSite\",\"@id\":\"https:\/\/saec.sp.gov.br\/#website\",\"url\":\"https:\/\/saec.sp.gov.br\/\",\"name\":\"SAEC Superintendencia de Agua e Esgoto de Catanduva\",\"description\":\"SAEC\",\"potentialAction\":[{\"@type\":\"SearchAction\",\"target\":\"https:\/\/saec.sp.gov.br\/?s={search_term_string}\",\"query-input\":\"required name=search_term_string\"}],\"inLanguage\":\"pt-BR\"},{\"@type\":\"ImageObject\",\"@id\":\"https:\/\/saec.sp.gov.br\/index.php\/2024\/11\/27\/interrupcao-programada-no-abastecimento-de-agua-8\/#primaryimage\",\"inLanguage\":\"pt-BR\",\"url\":\"https:\/\/saec.sp.gov.br\/wp-content\/uploads\/2024\/06\/interrupcao-fornecimento-de-agua.jpg\",\"width\":1080,\"height\":1080},{\"@type\":\"WebPage\",\"@id\":\"https:\/\/saec.sp.gov.br\/index.php\/2024\/11\/27\/interrupcao-programada-no-abastecimento-de-agua-8\/#webpage\",\"url\":\"https:\/\/saec.sp.gov.br\/index.php\/2024\/11\/27\/interrupcao-programada-no-abastecimento-de-agua-8\/\",\"name\":\"INTERRUP\\u00c7\\u00c3O PROGRAMADA NO ABASTECIMENTO DE \\u00c1GUA - SAEC Superintendencia de Agua e Esgoto de Catanduva\",\"isPartOf\":{\"@id\":\"https:\/\/saec.sp.gov.br\/#website\"},\"primaryImageOfPage\":{\"@id\":\"https:\/\/saec.sp.gov.br\/index.php\/2024\/11\/27\/interrupcao-programada-no-abastecimento-de-agua-8\/#primaryimage\"},\"datePublished\":\"2024-11-27T14:04:07+00:00\",\"dateModified\":\"2024-11-28T14:05:51+00:00\",\"author\":{\"@id\":\"https:\/\/saec.sp.gov.br\/#\/schema\/person\/0adeb299f513c0b2fcb1812012e43dea\"},\"inLanguage\":\"pt-BR\",\"potentialAction\":[{\"@type\":\"ReadAction\",\"target\":[\"https:\/\/saec.sp.gov.br\/index.php\/2024\/11\/27\/interrupcao-programada-no-abastecimento-de-agua-8\/\"]}]},{\"@type\":\"Person\",\"@id\":\"https:\/\/saec.sp.gov.br\/#\/schema\/person\/0adeb299f513c0b2fcb1812012e43dea\",\"name\":\"Karla Sibro\"}]}<\/script>\n<!-- \/ Yoast SEO plugin. -->","amp_validity":null,"amp_enabled":true,"_links":{"self":[{"href":"https:\/\/saec.sp.gov.br\/index.php\/wp-json\/wp\/v2\/posts\/9559"}],"collection":[{"href":"https:\/\/saec.sp.gov.br\/index.php\/wp-json\/wp\/v2\/posts"}],"about":[{"href":"https:\/\/saec.sp.gov.br\/index.php\/wp-json\/wp\/v2\/types\/post"}],"author":[{"embeddable":true,"href":"https:\/\/saec.sp.gov.br\/index.php\/wp-json\/wp\/v2\/users\/12"}],"replies":[{"embeddable":true,"href":"https:\/\/saec.sp.gov.br\/index.php\/wp-json\/wp\/v2\/comments?post=9559"}],"version-history":[{"count":1,"href":"https:\/\/saec.sp.gov.br\/index.php\/wp-json\/wp\/v2\/posts\/9559\/revisions"}],"predecessor-version":[{"id":9560,"href":"https:\/\/saec.sp.gov.br\/index.php\/wp-json\/wp\/v2\/posts\/9559\/revisions\/9560"}],"wp:featuredmedia":[{"embeddable":true,"href":"https:\/\/saec.sp.gov.br\/index.php\/wp-json\/wp\/v2\/media\/9277"}],"wp:attachment":[{"href":"https:\/\/saec.sp.gov.br\/index.php\/wp-json\/wp\/v2\/media?parent=9559"}],"wp:term":[{"taxonomy":"category","embeddable":true,"href":"https:\/\/saec.sp.gov.br\/index.php\/wp-json\/wp\/v2\/categories?post=9559"},{"taxonomy":"post_tag","embeddable":true,"href":"https:\/\/saec.sp.gov.br\/index.php\/wp-json\/wp\/v2\/tags?post=9559"}],"curies":[{"name":"wp","href":"https:\/\/api.w.org\/{rel}","templated":true}]}}