{"id":9574,"date":"2024-11-28T11:52:40","date_gmt":"2024-11-28T14:52:40","guid":{"rendered":"https:\/\/saec.sp.gov.br\/?p=9574"},"modified":"2024-11-28T12:02:09","modified_gmt":"2024-11-28T15:02:09","slug":"zeladoria-em-acao","status":"publish","type":"post","link":"https:\/\/saec.sp.gov.br\/index.php\/2024\/11\/28\/zeladoria-em-acao\/","title":{"rendered":"ZELADORIA EM A\u00c7\u00c3O"},"content":{"rendered":"<div class=\"xdj266r x11i5rnm xat24cr x1mh8g0r x1vvkbs x126k92a\">\n<div dir=\"auto\">Equipe de manuten\u00e7\u00e3o da Saec fez um intensiv\u00e3o no pr\u00e9dio sede da autarquia. Vale lembrar que o letreiro de planta sofreu vandalismo e agora foi recuperado.<\/div>\n<\/div>\n<div class=\"x11i5rnm xat24cr x1mh8g0r x1vvkbs xtlvy1s x126k92a\">\n<div dir=\"auto\"><\/div>\n<div dir=\"auto\">Nas imagens voc\u00ea confere como ficou o trabalho feito com muito carinho, cuidado e zelo pelo patrim\u00f4nio p\u00fablico.<\/div>\n<div dir=\"auto\"><\/div>\n<\/div>\n<div class=\"x11i5rnm xat24cr x1mh8g0r x1vvkbs xtlvy1s x126k92a\">\n<div dir=\"auto\">Parab\u00e9ns!<\/div>\n<\/div>\n<div dir=\"auto\"><\/div>\n<div dir=\"auto\"><img loading=\"lazy\" decoding=\"async\" class=\"alignnone size-medium wp-image-9579 lazyload\" src=\"data:image\/gif;base64,R0lGODlhAQABAAAAACH5BAEKAAEALAAAAAABAAEAAAICTAEAOw==\" data-src=\"http:\/\/saec.sp.gov.br\/wp-content\/uploads\/2024\/11\/WhatsApp-Image-2024-11-28-at-11.50.12-222x300.jpeg\" alt=\"\" width=\"222\" height=\"300\" data-sizes=\"auto\" data-srcset=\"https:\/\/saec.sp.gov.br\/wp-content\/uploads\/2024\/11\/WhatsApp-Image-2024-11-28-at-11.50.12-222x300.jpeg 222w, https:\/\/saec.sp.gov.br\/wp-content\/uploads\/2024\/11\/WhatsApp-Image-2024-11-28-at-11.50.12-20x27.jpeg 20w, https:\/\/saec.sp.gov.br\/wp-content\/uploads\/2024\/11\/WhatsApp-Image-2024-11-28-at-11.50.12.jpeg 577w\" sizes=\"(max-width: 222px) 100vw, 222px\" \/><\/div>\n","protected":false},"excerpt":{"rendered":"<p>Equipe de manuten\u00e7\u00e3o da Saec fez um intensiv\u00e3o no pr\u00e9dio sede da autarquia. Vale lembrar que o letreiro de planta sofreu vandalismo e agora foi recuperado. Nas imagens voc\u00ea confere como ficou o trabalho feito com muito carinho, cuidado e zelo pelo patrim\u00f4nio p\u00fablico. Parab\u00e9ns!<\/p>\n","protected":false},"author":12,"featured_media":9575,"comment_status":"closed","ping_status":"closed","sticky":false,"template":"","format":"standard","meta":{"footnotes":""},"categories":[41],"tags":[],"yoast_head":"<!-- This site is optimized with the Yoast SEO plugin v15.3 - https:\/\/yoast.com\/wordpress\/plugins\/seo\/ -->\n<title>ZELADORIA EM A\u00c7\u00c3O - SAEC Superintendencia de Agua e Esgoto de Catanduva<\/title>\n<meta name=\"robots\" content=\"index, follow, max-snippet:-1, max-image-preview:large, max-video-preview:-1\" \/>\n<link rel=\"canonical\" href=\"https:\/\/saec.sp.gov.br\/index.php\/2024\/11\/28\/zeladoria-em-acao\/\" \/>\n<meta property=\"og:locale\" content=\"pt_BR\" \/>\n<meta property=\"og:type\" content=\"article\" \/>\n<meta property=\"og:title\" content=\"ZELADORIA EM A\u00c7\u00c3O - SAEC Superintendencia de Agua e Esgoto de Catanduva\" \/>\n<meta property=\"og:description\" content=\"Equipe de manuten\u00e7\u00e3o da Saec fez um intensiv\u00e3o no pr\u00e9dio sede da autarquia. Vale lembrar que o letreiro de planta sofreu vandalismo e agora foi recuperado. Nas imagens voc\u00ea confere como ficou o trabalho feito com muito carinho, cuidado e zelo pelo patrim\u00f4nio p\u00fablico. Parab\u00e9ns!\" \/>\n<meta property=\"og:url\" content=\"https:\/\/saec.sp.gov.br\/index.php\/2024\/11\/28\/zeladoria-em-acao\/\" \/>\n<meta property=\"og:site_name\" content=\"SAEC Superintendencia de Agua e Esgoto de Catanduva\" \/>\n<meta property=\"article:published_time\" content=\"2024-11-28T14:52:40+00:00\" \/>\n<meta property=\"article:modified_time\" content=\"2024-11-28T15:02:09+00:00\" \/>\n<meta property=\"og:image\" content=\"https:\/\/saec.sp.gov.br\/wp-content\/uploads\/2024\/11\/site-2.jpg\" \/>\n\t<meta property=\"og:image:width\" content=\"1280\" \/>\n\t<meta property=\"og:image:height\" content=\"577\" \/>\n<meta name=\"twitter:card\" content=\"summary\" \/>\n<meta name=\"twitter:label1\" content=\"Written by\">\n\t<meta name=\"twitter:data1\" content=\"Karla Sibro\">\n\t<meta name=\"twitter:label2\" content=\"Est. reading time\">\n\t<meta name=\"twitter:data2\" content=\"0 minuto\">\n<script type=\"application\/ld+json\" class=\"yoast-schema-graph\">{\"@context\":\"https:\/\/schema.org\",\"@graph\":[{\"@type\":\"WebSite\",\"@id\":\"https:\/\/saec.sp.gov.br\/#website\",\"url\":\"https:\/\/saec.sp.gov.br\/\",\"name\":\"SAEC Superintendencia de Agua e Esgoto de Catanduva\",\"description\":\"SAEC\",\"potentialAction\":[{\"@type\":\"SearchAction\",\"target\":\"https:\/\/saec.sp.gov.br\/?s={search_term_string}\",\"query-input\":\"required name=search_term_string\"}],\"inLanguage\":\"pt-BR\"},{\"@type\":\"ImageObject\",\"@id\":\"https:\/\/saec.sp.gov.br\/index.php\/2024\/11\/28\/zeladoria-em-acao\/#primaryimage\",\"inLanguage\":\"pt-BR\",\"url\":\"https:\/\/saec.sp.gov.br\/wp-content\/uploads\/2024\/11\/site-2.jpg\",\"width\":1280,\"height\":577},{\"@type\":\"WebPage\",\"@id\":\"https:\/\/saec.sp.gov.br\/index.php\/2024\/11\/28\/zeladoria-em-acao\/#webpage\",\"url\":\"https:\/\/saec.sp.gov.br\/index.php\/2024\/11\/28\/zeladoria-em-acao\/\",\"name\":\"ZELADORIA EM A\\u00c7\\u00c3O - SAEC Superintendencia de Agua e Esgoto de Catanduva\",\"isPartOf\":{\"@id\":\"https:\/\/saec.sp.gov.br\/#website\"},\"primaryImageOfPage\":{\"@id\":\"https:\/\/saec.sp.gov.br\/index.php\/2024\/11\/28\/zeladoria-em-acao\/#primaryimage\"},\"datePublished\":\"2024-11-28T14:52:40+00:00\",\"dateModified\":\"2024-11-28T15:02:09+00:00\",\"author\":{\"@id\":\"https:\/\/saec.sp.gov.br\/#\/schema\/person\/0adeb299f513c0b2fcb1812012e43dea\"},\"inLanguage\":\"pt-BR\",\"potentialAction\":[{\"@type\":\"ReadAction\",\"target\":[\"https:\/\/saec.sp.gov.br\/index.php\/2024\/11\/28\/zeladoria-em-acao\/\"]}]},{\"@type\":\"Person\",\"@id\":\"https:\/\/saec.sp.gov.br\/#\/schema\/person\/0adeb299f513c0b2fcb1812012e43dea\",\"name\":\"Karla Sibro\"}]}<\/script>\n<!-- \/ Yoast SEO plugin. -->","amp_validity":null,"amp_enabled":true,"_links":{"self":[{"href":"https:\/\/saec.sp.gov.br\/index.php\/wp-json\/wp\/v2\/posts\/9574"}],"collection":[{"href":"https:\/\/saec.sp.gov.br\/index.php\/wp-json\/wp\/v2\/posts"}],"about":[{"href":"https:\/\/saec.sp.gov.br\/index.php\/wp-json\/wp\/v2\/types\/post"}],"author":[{"embeddable":true,"href":"https:\/\/saec.sp.gov.br\/index.php\/wp-json\/wp\/v2\/users\/12"}],"replies":[{"embeddable":true,"href":"https:\/\/saec.sp.gov.br\/index.php\/wp-json\/wp\/v2\/comments?post=9574"}],"version-history":[{"count":4,"href":"https:\/\/saec.sp.gov.br\/index.php\/wp-json\/wp\/v2\/posts\/9574\/revisions"}],"predecessor-version":[{"id":9580,"href":"https:\/\/saec.sp.gov.br\/index.php\/wp-json\/wp\/v2\/posts\/9574\/revisions\/9580"}],"wp:featuredmedia":[{"embeddable":true,"href":"https:\/\/saec.sp.gov.br\/index.php\/wp-json\/wp\/v2\/media\/9575"}],"wp:attachment":[{"href":"https:\/\/saec.sp.gov.br\/index.php\/wp-json\/wp\/v2\/media?parent=9574"}],"wp:term":[{"taxonomy":"category","embeddable":true,"href":"https:\/\/saec.sp.gov.br\/index.php\/wp-json\/wp\/v2\/categories?post=9574"},{"taxonomy":"post_tag","embeddable":true,"href":"https:\/\/saec.sp.gov.br\/index.php\/wp-json\/wp\/v2\/tags?post=9574"}],"curies":[{"name":"wp","href":"https:\/\/api.w.org\/{rel}","templated":true}]}}