{"id":962,"date":"2017-03-22T10:31:38","date_gmt":"2017-03-22T10:31:38","guid":{"rendered":"http:\/\/saec.sp.gov.br\/?p=962"},"modified":"2020-11-23T14:56:29","modified_gmt":"2020-11-23T14:56:29","slug":"saec-celebra-dia-mundial-da-agua-com-programacao-extensa","status":"publish","type":"post","link":"https:\/\/saec.sp.gov.br\/index.php\/2017\/03\/22\/saec-celebra-dia-mundial-da-agua-com-programacao-extensa\/","title":{"rendered":"SAEC celebra Dia Mundial da \u00c1gua com programa\u00e7\u00e3o extensa"},"content":{"rendered":"<p><strong>SAEC celebra Dia Mundial da \u00c1gua com programa\u00e7\u00e3o extensa<\/strong><\/p>\n<p>&nbsp;<\/p>\n<p>A SAEC (Superintend\u00eancia de \u00c1gua e Esgoto de Catanduva) promove, de 20 a 24 de mar\u00e7o, diversas atividades alusivas ao Dia Mundial da \u00c1gua, comemorado na pr\u00f3xima quarta-feira, dia 22. O objetivo, al\u00e9m de celebrar a data, \u00e9 conscientizar a popula\u00e7\u00e3o sobre o tema, incentivando o uso respons\u00e1vel.<\/p>\n<p>&nbsp;<\/p>\n<p>Em 2017, com o mote \u201c\u00c1gua. N\u00e3o tem gosto, n\u00e3o tem cheiro, n\u00e3o tem cor e n\u00e3o tem quem viva sem\u201d, a Semana da \u00c1gua tem entre suas principais a\u00e7\u00f5es o lan\u00e7amento do portal <a href=\"http:\/\/www.saec.sp.gov.br\/\">www.saec.sp.gov.br<\/a>, que detalha informa\u00e7\u00f5es relacionadas \u00e0s contas de \u00e1gua, faturas, transpar\u00eancia da superintend\u00eancia, al\u00e9m de not\u00edcias e avisos.<\/p>\n<p>&nbsp;<\/p>\n<p>A programa\u00e7\u00e3o contar\u00e1 tamb\u00e9m com palestras em diversas institui\u00e7\u00f5es de ensino, com foco para as condi\u00e7\u00f5es do Sistema de Saneamento B\u00e1sico de Catanduva. Al\u00e9m disso, temas como o Sistema de Capta\u00e7\u00e3o, Distribui\u00e7\u00e3o e Tratamento de \u00c1gua, Consumo Consciente e Redu\u00e7\u00e3o de Perdas ser\u00e3o abordados.<\/p>\n<p>&nbsp;<\/p>\n<p>De acordo com material divulgado pela Organiza\u00e7\u00e3o das Na\u00e7\u00f5es Unidas (ONU), mais de 80% do esgoto produzido pelos seres humanos volta \u00e0 natureza sem ser tratado. \u201cSegundo a ONU, quase dois bilh\u00f5es de pessoas usam fontes de \u00e1gua contaminadas por fezes, colocando-as em risco, vulner\u00e1veis a doen\u00e7as como c\u00f3lera, disenteria, febre tif\u00f3ide e poliomielite. Em Catanduva, a situa\u00e7\u00e3o \u00e9 diferente. Desde a inaugura\u00e7\u00e3o da esta\u00e7\u00e3o de tratamento, h\u00e1 dois anos, temos quase 100% do esgoto tratado\u201d, disse o superintendente Marcos Augusto Jardim.<\/p>\n<p>&nbsp;<\/p>\n<p>Na Semana da \u00c1gua, a SAEC tamb\u00e9m realizar\u00e1 visitas t\u00e9cnicas monitoradas \u00e0 Esta\u00e7\u00e3o de Tratamento de Esgoto de Catanduva, em parceria com a Secretaria de Meio Ambiente e Agricultura e a Secretaria de Educa\u00e7\u00e3o. Durante o m\u00eas, haver\u00e1 tamb\u00e9m a distribui\u00e7\u00e3o de panfletos contendo informa\u00e7\u00f5es pertinentes \u00e0 manuten\u00e7\u00e3o hidr\u00e1ulica nas edifica\u00e7\u00f5es, dicas de economia e uso racional da \u00e1gua.<\/p>\n<p>&nbsp;<\/p>\n<p><strong>Dia Mundial da \u00c1gua<\/strong><\/p>\n<p>&nbsp;<\/p>\n<p>O Dia Mundial da \u00c1gua foi criado em 1992 pela Organiza\u00e7\u00e3o das Na\u00e7\u00f5es Unidas (ONU), durante a Confer\u00eancia das Na\u00e7\u00f5es Unidas sobre Meio Ambiente e Desenvolvimento (Eco-92). Para deixar bem fixada a import\u00e2ncia desta data, foi divulgada pela ONU a Declara\u00e7\u00e3o Universal dos Direitos da \u00c1gua:<\/p>\n<p>&nbsp;<\/p>\n<p><strong>1-<\/strong> A \u00e1gua faz parte do patrim\u00f4nio do planeta;<\/p>\n<p><strong>2-<\/strong> A \u00e1gua \u00e9 a seiva do nosso planeta;<\/p>\n<p><strong>3-<\/strong> Os recursos naturais de transforma\u00e7\u00e3o da \u00e1gua em \u00e1gua pot\u00e1vel s\u00e3o lentos, fr\u00e1geis e muito limitados;<\/p>\n<p><strong>4-<\/strong> O equil\u00edbrio e o futuro de nosso planeta dependem da preserva\u00e7\u00e3o da \u00e1gua e de seus ciclos;<\/p>\n<p><strong>5-<\/strong> A \u00e1gua n\u00e3o \u00e9 somente heran\u00e7a de nossos predecessores; ela \u00e9, sobretudo, um empr\u00e9stimo aos nossos sucessores;<\/p>\n<p><strong>6-<\/strong> A \u00e1gua n\u00e3o \u00e9 uma doa\u00e7\u00e3o gratuita da natureza; ela tem um valor econ\u00f4mico: precisa-se saber que ela \u00e9, algumas vezes, rara e dispendiosa e que pode muito bem escassear em qualquer regi\u00e3o do mundo;<\/p>\n<p><strong>7-<\/strong> A \u00e1gua n\u00e3o deve ser desperdi\u00e7ada, nem polu\u00edda, nem envenenada;<\/p>\n<p><strong>8-<\/strong> A utiliza\u00e7\u00e3o da \u00e1gua implica respeito \u00e0 lei;<\/p>\n<p><strong>9-<\/strong> A gest\u00e3o da \u00e1gua imp\u00f5e um equil\u00edbrio entre os imperativos de sua prote\u00e7\u00e3o e as necessidades de ordem econ\u00f4mica, sanit\u00e1ria e social; e<\/p>\n<p><strong>10-<\/strong> O planejamento da gest\u00e3o da \u00e1gua deve levar em conta a solidariedade e o consenso em raz\u00e3o de sua distribui\u00e7\u00e3o desigual sobre a Terra.<\/p>\n<p>&nbsp;<\/p>\n<p><strong>Programa\u00e7\u00e3o<\/strong><\/p>\n<p><strong>\u00a0<\/strong><\/p>\n<p><strong>Dia 20, \u00e0s 9 horas<\/strong> \u2013 visita monitorada de alunos da rede municipal \u00e0 ETE;<\/p>\n<p><strong>Dia 21, \u00e0s 11 e 16 horas<\/strong> \u2013 palestra Informa\u00e7\u00f5es Gerais sobre Sistema de Capta\u00e7\u00e3o, Reserva\u00e7\u00e3o, Distribui\u00e7\u00e3o e Tratamento de \u00c1gua de Catanduva e sobre a Esta\u00e7\u00e3o de Tratamento de Esgoto, com o bi\u00f3logo Auro Silva Garcia Filho, da SAEC, para alunos do Programa de Aprendizagem do SENAC;<\/p>\n<p><strong>Dia 22, \u00e0s 9h30<\/strong> \u2013 palestra para alunos do curso de Gest\u00e3o Empresarial da Fatec Catanduva, com o bi\u00f3logo Auro Silva Garcia Filho, da SAEC;<\/p>\n<p><strong>Dia 23, \u00e0s 7h10<\/strong> \u2013 palestra Informa\u00e7\u00f5es Gerais sobre Sistema de Capta\u00e7\u00e3o, Reserva\u00e7\u00e3o, Distribui\u00e7\u00e3o e Tratamento de \u00c1gua de Catanduva e sobre a Esta\u00e7\u00e3o de Tratamento de Esgoto e Consumo Consciente, com o bi\u00f3logo da Auro Silva Garcia Filho, da SAEC, para alunos do 6\u00ba ao 9\u00ba ano da Escola Adventista de Catanduva;<\/p>\n<p><strong>Dia 23, \u00e0s 9 horas<\/strong> \u2013 visita monitorada de alunos da rede municipal \u00e0 ETE;<\/p>\n<p><strong>Dia 24, \u00e0s 7 horas<\/strong> \u2013 palestra Mudan\u00e7as Clim\u00e1ticas e Uso Racional da \u00c1gua, em parceria com a Secretaria de Meio Ambiente e Agricultura, para funcion\u00e1rios da MRV Construtora. Local: Parque Casa M\u00e1laga;<\/p>\n<p><strong>Dia 24, \u00e0s 19h20<\/strong> \u2013 palestra Informa\u00e7\u00f5es Gerais sobre Sistema de Capta\u00e7\u00e3o, Reserva\u00e7\u00e3o, Distribui\u00e7\u00e3o e Tratamento de \u00c1gua de Catanduva e sobre a Esta\u00e7\u00e3o de Tratamento de Esgoto e Consumo Consciente, com o bi\u00f3logo da Auro Silva Garcia Filho, da SAEC, para alunos do curso de Gest\u00e3o Empresarial do IMES Catanduva.<\/p>\n","protected":false},"excerpt":{"rendered":"<p>SAEC celebra Dia Mundial da \u00c1gua com programa\u00e7\u00e3o extensa &nbsp; A SAEC (Superintend\u00eancia de \u00c1gua e Esgoto de Catanduva) promove, de 20 a 24 de mar\u00e7o, diversas atividades alusivas ao Dia Mundial da \u00c1gua, comemorado na pr\u00f3xima quarta-feira, dia 22. O objetivo, al\u00e9m de celebrar a data, \u00e9 conscientizar a popula\u00e7\u00e3o sobre o tema, incentivando [&hellip;]<\/p>\n","protected":false},"author":15,"featured_media":963,"comment_status":"closed","ping_status":"closed","sticky":false,"template":"","format":"standard","meta":{"footnotes":""},"categories":[41],"tags":[],"yoast_head":"<!-- This site is optimized with the Yoast SEO plugin v15.3 - https:\/\/yoast.com\/wordpress\/plugins\/seo\/ -->\n<title>SAEC celebra Dia Mundial da \u00c1gua com programa\u00e7\u00e3o extensa - SAEC Superintendencia de Agua e Esgoto de Catanduva<\/title>\n<meta name=\"robots\" content=\"index, follow, max-snippet:-1, max-image-preview:large, max-video-preview:-1\" \/>\n<link rel=\"canonical\" href=\"https:\/\/saec.sp.gov.br\/index.php\/2017\/03\/22\/saec-celebra-dia-mundial-da-agua-com-programacao-extensa\/\" \/>\n<meta property=\"og:locale\" content=\"pt_BR\" \/>\n<meta property=\"og:type\" content=\"article\" \/>\n<meta property=\"og:title\" content=\"SAEC celebra Dia Mundial da \u00c1gua com programa\u00e7\u00e3o extensa - SAEC Superintendencia de Agua e Esgoto de Catanduva\" \/>\n<meta property=\"og:description\" content=\"SAEC celebra Dia Mundial da \u00c1gua com programa\u00e7\u00e3o extensa &nbsp; A SAEC (Superintend\u00eancia de \u00c1gua e Esgoto de Catanduva) promove, de 20 a 24 de mar\u00e7o, diversas atividades alusivas ao Dia Mundial da \u00c1gua, comemorado na pr\u00f3xima quarta-feira, dia 22. O objetivo, al\u00e9m de celebrar a data, \u00e9 conscientizar a popula\u00e7\u00e3o sobre o tema, incentivando [&hellip;]\" \/>\n<meta property=\"og:url\" content=\"https:\/\/saec.sp.gov.br\/index.php\/2017\/03\/22\/saec-celebra-dia-mundial-da-agua-com-programacao-extensa\/\" \/>\n<meta property=\"og:site_name\" content=\"SAEC Superintendencia de Agua e Esgoto de Catanduva\" \/>\n<meta property=\"article:published_time\" content=\"2017-03-22T10:31:38+00:00\" \/>\n<meta property=\"article:modified_time\" content=\"2020-11-23T14:56:29+00:00\" \/>\n<meta property=\"og:image\" content=\"https:\/\/saec.sp.gov.br\/wp-content\/uploads\/2017\/03\/dia-agua.jpg\" \/>\n\t<meta property=\"og:image:width\" content=\"800\" \/>\n\t<meta property=\"og:image:height\" content=\"357\" \/>\n<meta name=\"twitter:card\" content=\"summary\" \/>\n<meta name=\"twitter:label1\" content=\"Written by\">\n\t<meta name=\"twitter:data1\" content=\"Paulo\">\n\t<meta name=\"twitter:label2\" content=\"Est. reading time\">\n\t<meta name=\"twitter:data2\" content=\"3 minutos\">\n<script type=\"application\/ld+json\" class=\"yoast-schema-graph\">{\"@context\":\"https:\/\/schema.org\",\"@graph\":[{\"@type\":\"WebSite\",\"@id\":\"https:\/\/saec.sp.gov.br\/#website\",\"url\":\"https:\/\/saec.sp.gov.br\/\",\"name\":\"SAEC Superintendencia de Agua e Esgoto de Catanduva\",\"description\":\"SAEC\",\"potentialAction\":[{\"@type\":\"SearchAction\",\"target\":\"https:\/\/saec.sp.gov.br\/?s={search_term_string}\",\"query-input\":\"required name=search_term_string\"}],\"inLanguage\":\"pt-BR\"},{\"@type\":\"ImageObject\",\"@id\":\"https:\/\/saec.sp.gov.br\/index.php\/2017\/03\/22\/saec-celebra-dia-mundial-da-agua-com-programacao-extensa\/#primaryimage\",\"inLanguage\":\"pt-BR\",\"url\":\"https:\/\/saec.sp.gov.br\/wp-content\/uploads\/2017\/03\/dia-agua.jpg\",\"width\":800,\"height\":357},{\"@type\":\"WebPage\",\"@id\":\"https:\/\/saec.sp.gov.br\/index.php\/2017\/03\/22\/saec-celebra-dia-mundial-da-agua-com-programacao-extensa\/#webpage\",\"url\":\"https:\/\/saec.sp.gov.br\/index.php\/2017\/03\/22\/saec-celebra-dia-mundial-da-agua-com-programacao-extensa\/\",\"name\":\"SAEC celebra Dia Mundial da \\u00c1gua com programa\\u00e7\\u00e3o extensa - SAEC Superintendencia de Agua e Esgoto de Catanduva\",\"isPartOf\":{\"@id\":\"https:\/\/saec.sp.gov.br\/#website\"},\"primaryImageOfPage\":{\"@id\":\"https:\/\/saec.sp.gov.br\/index.php\/2017\/03\/22\/saec-celebra-dia-mundial-da-agua-com-programacao-extensa\/#primaryimage\"},\"datePublished\":\"2017-03-22T10:31:38+00:00\",\"dateModified\":\"2020-11-23T14:56:29+00:00\",\"author\":{\"@id\":\"https:\/\/saec.sp.gov.br\/#\/schema\/person\/2d5b546fc23abe0bafb33ac53c4f4bdf\"},\"inLanguage\":\"pt-BR\",\"potentialAction\":[{\"@type\":\"ReadAction\",\"target\":[\"https:\/\/saec.sp.gov.br\/index.php\/2017\/03\/22\/saec-celebra-dia-mundial-da-agua-com-programacao-extensa\/\"]}]},{\"@type\":\"Person\",\"@id\":\"https:\/\/saec.sp.gov.br\/#\/schema\/person\/2d5b546fc23abe0bafb33ac53c4f4bdf\",\"name\":\"Paulo\"}]}<\/script>\n<!-- \/ Yoast SEO plugin. -->","amp_validity":null,"amp_enabled":true,"_links":{"self":[{"href":"https:\/\/saec.sp.gov.br\/index.php\/wp-json\/wp\/v2\/posts\/962"}],"collection":[{"href":"https:\/\/saec.sp.gov.br\/index.php\/wp-json\/wp\/v2\/posts"}],"about":[{"href":"https:\/\/saec.sp.gov.br\/index.php\/wp-json\/wp\/v2\/types\/post"}],"author":[{"embeddable":true,"href":"https:\/\/saec.sp.gov.br\/index.php\/wp-json\/wp\/v2\/users\/15"}],"replies":[{"embeddable":true,"href":"https:\/\/saec.sp.gov.br\/index.php\/wp-json\/wp\/v2\/comments?post=962"}],"version-history":[{"count":2,"href":"https:\/\/saec.sp.gov.br\/index.php\/wp-json\/wp\/v2\/posts\/962\/revisions"}],"predecessor-version":[{"id":1433,"href":"https:\/\/saec.sp.gov.br\/index.php\/wp-json\/wp\/v2\/posts\/962\/revisions\/1433"}],"wp:featuredmedia":[{"embeddable":true,"href":"https:\/\/saec.sp.gov.br\/index.php\/wp-json\/wp\/v2\/media\/963"}],"wp:attachment":[{"href":"https:\/\/saec.sp.gov.br\/index.php\/wp-json\/wp\/v2\/media?parent=962"}],"wp:term":[{"taxonomy":"category","embeddable":true,"href":"https:\/\/saec.sp.gov.br\/index.php\/wp-json\/wp\/v2\/categories?post=962"},{"taxonomy":"post_tag","embeddable":true,"href":"https:\/\/saec.sp.gov.br\/index.php\/wp-json\/wp\/v2\/tags?post=962"}],"curies":[{"name":"wp","href":"https:\/\/api.w.org\/{rel}","templated":true}]}}