{"id":965,"date":"2017-03-23T17:59:25","date_gmt":"2017-03-23T17:59:25","guid":{"rendered":"http:\/\/saec.sp.gov.br\/?p=965"},"modified":"2020-11-23T15:08:07","modified_gmt":"2020-11-23T15:08:07","slug":"saec-faz-melhorias-hidraulicas-na-unidade-de-reservacao-sete-de-setembro-nesta-quinta-feira-23","status":"publish","type":"post","link":"https:\/\/saec.sp.gov.br\/index.php\/2017\/03\/23\/saec-faz-melhorias-hidraulicas-na-unidade-de-reservacao-sete-de-setembro-nesta-quinta-feira-23\/","title":{"rendered":"SAEC faz melhorias hidr\u00e1ulicas na Unidade de Reserva\u00e7\u00e3o Sete de Setembro nesta quinta-feira 23"},"content":{"rendered":"<p>A Unidade de Reserva\u00e7\u00e3o Sete de Setembro (UR-2), que abastece os bairros Higien\u00f3polis, Vila Bela, Vila Mota, Jardim do Bosque, Jardim Caparroz, Vila Jorge e Altos do Higien\u00f3polis, passar\u00e1 por reparos nesta quinta-feira, dia 23 de mar\u00e7o. De acordo com a SAEC (Superintend\u00eancia de \u00c1gua e Esgoto de Catanduva), ser\u00e3o feitas melhorias hidr\u00e1ulicas na unidade.<\/p>\n<p>&nbsp;<\/p>\n<p>Por conta disso, a superintend\u00eancia solicita aos moradores da regi\u00e3o que economizem \u00e1gua nessa data, principalmente das 12 \u00e0s 16 horas, durante os servi\u00e7os de manuten\u00e7\u00e3o, a fim de evitar a falta de \u00e1gua nesses bairros.<\/p>\n<p>&nbsp;<\/p>\n<p>A SAEC informa, ainda, que a interven\u00e7\u00e3o \u00e9 necess\u00e1ria para que a Unidade de Reserva\u00e7\u00e3o continue funcionando corretamente, distribuindo \u00e1gua de qualidade e beneficiando a popula\u00e7\u00e3o de toda essa regi\u00e3o da cidade.<\/p>\n<p>&nbsp;<\/p>\n","protected":false},"excerpt":{"rendered":"<p>A Unidade de Reserva\u00e7\u00e3o Sete de Setembro (UR-2), que abastece os bairros Higien\u00f3polis, Vila Bela, Vila Mota, Jardim do Bosque, Jardim Caparroz, Vila Jorge e Altos do Higien\u00f3polis, passar\u00e1 por reparos nesta quinta-feira, dia 23 de mar\u00e7o. De acordo com a SAEC (Superintend\u00eancia de \u00c1gua e Esgoto de Catanduva), ser\u00e3o feitas melhorias hidr\u00e1ulicas na unidade. [&hellip;]<\/p>\n","protected":false},"author":15,"featured_media":966,"comment_status":"closed","ping_status":"closed","sticky":false,"template":"","format":"standard","meta":{"footnotes":""},"categories":[41,43],"tags":[],"yoast_head":"<!-- This site is optimized with the Yoast SEO plugin v15.3 - https:\/\/yoast.com\/wordpress\/plugins\/seo\/ -->\n<title>SAEC faz melhorias hidr\u00e1ulicas na Unidade de Reserva\u00e7\u00e3o Sete de Setembro nesta quinta-feira 23 - SAEC Superintendencia de Agua e Esgoto de Catanduva<\/title>\n<meta name=\"robots\" content=\"index, follow, max-snippet:-1, max-image-preview:large, max-video-preview:-1\" \/>\n<link rel=\"canonical\" href=\"https:\/\/saec.sp.gov.br\/index.php\/2017\/03\/23\/saec-faz-melhorias-hidraulicas-na-unidade-de-reservacao-sete-de-setembro-nesta-quinta-feira-23\/\" \/>\n<meta property=\"og:locale\" content=\"pt_BR\" \/>\n<meta property=\"og:type\" content=\"article\" \/>\n<meta property=\"og:title\" content=\"SAEC faz melhorias hidr\u00e1ulicas na Unidade de Reserva\u00e7\u00e3o Sete de Setembro nesta quinta-feira 23 - SAEC Superintendencia de Agua e Esgoto de Catanduva\" \/>\n<meta property=\"og:description\" content=\"A Unidade de Reserva\u00e7\u00e3o Sete de Setembro (UR-2), que abastece os bairros Higien\u00f3polis, Vila Bela, Vila Mota, Jardim do Bosque, Jardim Caparroz, Vila Jorge e Altos do Higien\u00f3polis, passar\u00e1 por reparos nesta quinta-feira, dia 23 de mar\u00e7o. De acordo com a SAEC (Superintend\u00eancia de \u00c1gua e Esgoto de Catanduva), ser\u00e3o feitas melhorias hidr\u00e1ulicas na unidade. [&hellip;]\" \/>\n<meta property=\"og:url\" content=\"https:\/\/saec.sp.gov.br\/index.php\/2017\/03\/23\/saec-faz-melhorias-hidraulicas-na-unidade-de-reservacao-sete-de-setembro-nesta-quinta-feira-23\/\" \/>\n<meta property=\"og:site_name\" content=\"SAEC Superintendencia de Agua e Esgoto de Catanduva\" \/>\n<meta property=\"article:published_time\" content=\"2017-03-23T17:59:25+00:00\" \/>\n<meta property=\"article:modified_time\" content=\"2020-11-23T15:08:07+00:00\" \/>\n<meta property=\"og:image\" content=\"https:\/\/saec.sp.gov.br\/wp-content\/uploads\/2017\/03\/UR2-SETE-SETEMBRO.jpg\" \/>\n\t<meta property=\"og:image:width\" content=\"798\" \/>\n\t<meta property=\"og:image:height\" content=\"450\" \/>\n<meta name=\"twitter:card\" content=\"summary\" \/>\n<meta name=\"twitter:label1\" content=\"Written by\">\n\t<meta name=\"twitter:data1\" content=\"Paulo\">\n\t<meta name=\"twitter:label2\" content=\"Est. reading time\">\n\t<meta name=\"twitter:data2\" content=\"1 minuto\">\n<script type=\"application\/ld+json\" class=\"yoast-schema-graph\">{\"@context\":\"https:\/\/schema.org\",\"@graph\":[{\"@type\":\"WebSite\",\"@id\":\"https:\/\/saec.sp.gov.br\/#website\",\"url\":\"https:\/\/saec.sp.gov.br\/\",\"name\":\"SAEC Superintendencia de Agua e Esgoto de Catanduva\",\"description\":\"SAEC\",\"potentialAction\":[{\"@type\":\"SearchAction\",\"target\":\"https:\/\/saec.sp.gov.br\/?s={search_term_string}\",\"query-input\":\"required name=search_term_string\"}],\"inLanguage\":\"pt-BR\"},{\"@type\":\"ImageObject\",\"@id\":\"https:\/\/saec.sp.gov.br\/index.php\/2017\/03\/23\/saec-faz-melhorias-hidraulicas-na-unidade-de-reservacao-sete-de-setembro-nesta-quinta-feira-23\/#primaryimage\",\"inLanguage\":\"pt-BR\",\"url\":\"https:\/\/saec.sp.gov.br\/wp-content\/uploads\/2017\/03\/UR2-SETE-SETEMBRO.jpg\",\"width\":798,\"height\":450,\"caption\":\"SONY DSC\"},{\"@type\":\"WebPage\",\"@id\":\"https:\/\/saec.sp.gov.br\/index.php\/2017\/03\/23\/saec-faz-melhorias-hidraulicas-na-unidade-de-reservacao-sete-de-setembro-nesta-quinta-feira-23\/#webpage\",\"url\":\"https:\/\/saec.sp.gov.br\/index.php\/2017\/03\/23\/saec-faz-melhorias-hidraulicas-na-unidade-de-reservacao-sete-de-setembro-nesta-quinta-feira-23\/\",\"name\":\"SAEC faz melhorias hidr\\u00e1ulicas na Unidade de Reserva\\u00e7\\u00e3o Sete de Setembro nesta quinta-feira 23 - SAEC Superintendencia de Agua e Esgoto de Catanduva\",\"isPartOf\":{\"@id\":\"https:\/\/saec.sp.gov.br\/#website\"},\"primaryImageOfPage\":{\"@id\":\"https:\/\/saec.sp.gov.br\/index.php\/2017\/03\/23\/saec-faz-melhorias-hidraulicas-na-unidade-de-reservacao-sete-de-setembro-nesta-quinta-feira-23\/#primaryimage\"},\"datePublished\":\"2017-03-23T17:59:25+00:00\",\"dateModified\":\"2020-11-23T15:08:07+00:00\",\"author\":{\"@id\":\"https:\/\/saec.sp.gov.br\/#\/schema\/person\/2d5b546fc23abe0bafb33ac53c4f4bdf\"},\"inLanguage\":\"pt-BR\",\"potentialAction\":[{\"@type\":\"ReadAction\",\"target\":[\"https:\/\/saec.sp.gov.br\/index.php\/2017\/03\/23\/saec-faz-melhorias-hidraulicas-na-unidade-de-reservacao-sete-de-setembro-nesta-quinta-feira-23\/\"]}]},{\"@type\":\"Person\",\"@id\":\"https:\/\/saec.sp.gov.br\/#\/schema\/person\/2d5b546fc23abe0bafb33ac53c4f4bdf\",\"name\":\"Paulo\"}]}<\/script>\n<!-- \/ Yoast SEO plugin. -->","amp_validity":null,"amp_enabled":true,"_links":{"self":[{"href":"https:\/\/saec.sp.gov.br\/index.php\/wp-json\/wp\/v2\/posts\/965"}],"collection":[{"href":"https:\/\/saec.sp.gov.br\/index.php\/wp-json\/wp\/v2\/posts"}],"about":[{"href":"https:\/\/saec.sp.gov.br\/index.php\/wp-json\/wp\/v2\/types\/post"}],"author":[{"embeddable":true,"href":"https:\/\/saec.sp.gov.br\/index.php\/wp-json\/wp\/v2\/users\/15"}],"replies":[{"embeddable":true,"href":"https:\/\/saec.sp.gov.br\/index.php\/wp-json\/wp\/v2\/comments?post=965"}],"version-history":[{"count":1,"href":"https:\/\/saec.sp.gov.br\/index.php\/wp-json\/wp\/v2\/posts\/965\/revisions"}],"predecessor-version":[{"id":967,"href":"https:\/\/saec.sp.gov.br\/index.php\/wp-json\/wp\/v2\/posts\/965\/revisions\/967"}],"wp:featuredmedia":[{"embeddable":true,"href":"https:\/\/saec.sp.gov.br\/index.php\/wp-json\/wp\/v2\/media\/966"}],"wp:attachment":[{"href":"https:\/\/saec.sp.gov.br\/index.php\/wp-json\/wp\/v2\/media?parent=965"}],"wp:term":[{"taxonomy":"category","embeddable":true,"href":"https:\/\/saec.sp.gov.br\/index.php\/wp-json\/wp\/v2\/categories?post=965"},{"taxonomy":"post_tag","embeddable":true,"href":"https:\/\/saec.sp.gov.br\/index.php\/wp-json\/wp\/v2\/tags?post=965"}],"curies":[{"name":"wp","href":"https:\/\/api.w.org\/{rel}","templated":true}]}}