{"id":972,"date":"2017-03-30T17:46:27","date_gmt":"2017-03-30T17:46:27","guid":{"rendered":"http:\/\/saec.sp.gov.br\/?p=972"},"modified":"2020-11-23T15:08:04","modified_gmt":"2020-11-23T15:08:04","slug":"atividades-em-comemoracao-ao-dia-da-agua-continuam-com-visitas-ete","status":"publish","type":"post","link":"https:\/\/saec.sp.gov.br\/index.php\/2017\/03\/30\/atividades-em-comemoracao-ao-dia-da-agua-continuam-com-visitas-ete\/","title":{"rendered":"Atividades em comemora\u00e7\u00e3o ao Dia da \u00c1gua continuam com visitas \u00e0 ETE"},"content":{"rendered":"<p>Depois de uma semana repleta de atividades em comemora\u00e7\u00e3o ao Dia Internacional da \u00c1gua, com palestra de encerramento no IMES Catanduva, a Superintend\u00eancia de \u00c1gua e Esgoto (SAEC) d\u00e1 continuidade \u00e0s visitas monitoradas \u00e0 Esta\u00e7\u00e3o de Tratamento de Esgoto (ETE).<\/p>\n<p>&nbsp;<\/p>\n<p>&nbsp;<\/p>\n<p>Nesta semana, turmas dos cursos de aprendizagem do Senac e do 6\u00ba ano do Sesi t\u00eam a oportunidade\u00a0de conhecer a estrutura e saber como funciona o tratamento de esgoto em Catanduva. A visita monitorada tem a orienta\u00e7\u00e3o do bi\u00f3logo Auro Garcia Silva Filho, funcion\u00e1rio da SAEC.<img loading=\"lazy\" decoding=\"async\" class=\"alignright wp-image-970 size-thumbnail lazyload\" src=\"data:image\/gif;base64,R0lGODlhAQABAAAAACH5BAEKAAEALAAAAAABAAEAAAICTAEAOw==\" data-src=\"http:\/\/saec.sp.gov.br\/wp-content\/uploads\/2017\/03\/PALESTRASAEC-24-03-2017-150x150.jpg\" alt=\"palestrasaec-24-03-2017\" width=\"150\" height=\"150\" \/><\/p>\n<p>&nbsp;<\/p>\n<p>A visita\u00e7\u00e3o \u00e0 ETE pode ser realizada por meio de agendamento. Interessados devem entrar em contato pelo telefone (17) 3531-0600 ou atrav\u00e9s do e-mail saec@saec.sp.gov.br.<\/p>\n<p>&nbsp;<\/p>\n","protected":false},"excerpt":{"rendered":"<p>Depois de uma semana repleta de atividades em comemora\u00e7\u00e3o ao Dia Internacional da \u00c1gua, com palestra de encerramento no IMES Catanduva, a Superintend\u00eancia de \u00c1gua e Esgoto (SAEC) d\u00e1 continuidade \u00e0s visitas monitoradas \u00e0 Esta\u00e7\u00e3o de Tratamento de Esgoto (ETE). &nbsp; &nbsp; Nesta semana, turmas dos cursos de aprendizagem do Senac e do 6\u00ba ano [&hellip;]<\/p>\n","protected":false},"author":2,"featured_media":971,"comment_status":"closed","ping_status":"closed","sticky":false,"template":"","format":"standard","meta":{"footnotes":""},"categories":[41,45],"tags":[],"yoast_head":"<!-- This site is optimized with the Yoast SEO plugin v15.3 - https:\/\/yoast.com\/wordpress\/plugins\/seo\/ -->\n<title>Atividades em comemora\u00e7\u00e3o ao Dia da \u00c1gua continuam com visitas \u00e0 ETE - SAEC Superintendencia de Agua e Esgoto de Catanduva<\/title>\n<meta name=\"robots\" content=\"index, follow, max-snippet:-1, max-image-preview:large, max-video-preview:-1\" \/>\n<link rel=\"canonical\" href=\"https:\/\/saec.sp.gov.br\/index.php\/2017\/03\/30\/atividades-em-comemoracao-ao-dia-da-agua-continuam-com-visitas-ete\/\" \/>\n<meta property=\"og:locale\" content=\"pt_BR\" \/>\n<meta property=\"og:type\" content=\"article\" \/>\n<meta property=\"og:title\" content=\"Atividades em comemora\u00e7\u00e3o ao Dia da \u00c1gua continuam com visitas \u00e0 ETE - SAEC Superintendencia de Agua e Esgoto de Catanduva\" \/>\n<meta property=\"og:description\" content=\"Depois de uma semana repleta de atividades em comemora\u00e7\u00e3o ao Dia Internacional da \u00c1gua, com palestra de encerramento no IMES Catanduva, a Superintend\u00eancia de \u00c1gua e Esgoto (SAEC) d\u00e1 continuidade \u00e0s visitas monitoradas \u00e0 Esta\u00e7\u00e3o de Tratamento de Esgoto (ETE). &nbsp; &nbsp; Nesta semana, turmas dos cursos de aprendizagem do Senac e do 6\u00ba ano [&hellip;]\" \/>\n<meta property=\"og:url\" content=\"https:\/\/saec.sp.gov.br\/index.php\/2017\/03\/30\/atividades-em-comemoracao-ao-dia-da-agua-continuam-com-visitas-ete\/\" \/>\n<meta property=\"og:site_name\" content=\"SAEC Superintendencia de Agua e Esgoto de Catanduva\" \/>\n<meta property=\"article:published_time\" content=\"2017-03-30T17:46:27+00:00\" \/>\n<meta property=\"article:modified_time\" content=\"2020-11-23T15:08:04+00:00\" \/>\n<meta property=\"og:image\" content=\"https:\/\/saec.sp.gov.br\/wp-content\/uploads\/2017\/03\/VISITAETE-24-03-2017-2.jpg\" \/>\n\t<meta property=\"og:image:width\" content=\"800\" \/>\n\t<meta property=\"og:image:height\" content=\"450\" \/>\n<meta name=\"twitter:card\" content=\"summary\" \/>\n<meta name=\"twitter:label1\" content=\"Written by\">\n\t<meta name=\"twitter:data1\" content=\"Henrique Carlessi\">\n\t<meta name=\"twitter:label2\" content=\"Est. reading time\">\n\t<meta name=\"twitter:data2\" content=\"1 minuto\">\n<script type=\"application\/ld+json\" class=\"yoast-schema-graph\">{\"@context\":\"https:\/\/schema.org\",\"@graph\":[{\"@type\":\"WebSite\",\"@id\":\"https:\/\/saec.sp.gov.br\/#website\",\"url\":\"https:\/\/saec.sp.gov.br\/\",\"name\":\"SAEC Superintendencia de Agua e Esgoto de Catanduva\",\"description\":\"SAEC\",\"potentialAction\":[{\"@type\":\"SearchAction\",\"target\":\"https:\/\/saec.sp.gov.br\/?s={search_term_string}\",\"query-input\":\"required name=search_term_string\"}],\"inLanguage\":\"pt-BR\"},{\"@type\":\"ImageObject\",\"@id\":\"https:\/\/saec.sp.gov.br\/index.php\/2017\/03\/30\/atividades-em-comemoracao-ao-dia-da-agua-continuam-com-visitas-ete\/#primaryimage\",\"inLanguage\":\"pt-BR\",\"url\":\"https:\/\/saec.sp.gov.br\/wp-content\/uploads\/2017\/03\/VISITAETE-24-03-2017-2.jpg\",\"width\":800,\"height\":450},{\"@type\":\"WebPage\",\"@id\":\"https:\/\/saec.sp.gov.br\/index.php\/2017\/03\/30\/atividades-em-comemoracao-ao-dia-da-agua-continuam-com-visitas-ete\/#webpage\",\"url\":\"https:\/\/saec.sp.gov.br\/index.php\/2017\/03\/30\/atividades-em-comemoracao-ao-dia-da-agua-continuam-com-visitas-ete\/\",\"name\":\"Atividades em comemora\\u00e7\\u00e3o ao Dia da \\u00c1gua continuam com visitas \\u00e0 ETE - SAEC Superintendencia de Agua e Esgoto de Catanduva\",\"isPartOf\":{\"@id\":\"https:\/\/saec.sp.gov.br\/#website\"},\"primaryImageOfPage\":{\"@id\":\"https:\/\/saec.sp.gov.br\/index.php\/2017\/03\/30\/atividades-em-comemoracao-ao-dia-da-agua-continuam-com-visitas-ete\/#primaryimage\"},\"datePublished\":\"2017-03-30T17:46:27+00:00\",\"dateModified\":\"2020-11-23T15:08:04+00:00\",\"author\":{\"@id\":\"https:\/\/saec.sp.gov.br\/#\/schema\/person\/c535f1c4ce07aa317d3e4512466d6e7a\"},\"inLanguage\":\"pt-BR\",\"potentialAction\":[{\"@type\":\"ReadAction\",\"target\":[\"https:\/\/saec.sp.gov.br\/index.php\/2017\/03\/30\/atividades-em-comemoracao-ao-dia-da-agua-continuam-com-visitas-ete\/\"]}]},{\"@type\":\"Person\",\"@id\":\"https:\/\/saec.sp.gov.br\/#\/schema\/person\/c535f1c4ce07aa317d3e4512466d6e7a\",\"name\":\"Henrique Carlessi\",\"sameAs\":[\"http:\/\/saec.sp.gov.br\"]}]}<\/script>\n<!-- \/ Yoast SEO plugin. -->","amp_validity":null,"amp_enabled":true,"_links":{"self":[{"href":"https:\/\/saec.sp.gov.br\/index.php\/wp-json\/wp\/v2\/posts\/972"}],"collection":[{"href":"https:\/\/saec.sp.gov.br\/index.php\/wp-json\/wp\/v2\/posts"}],"about":[{"href":"https:\/\/saec.sp.gov.br\/index.php\/wp-json\/wp\/v2\/types\/post"}],"author":[{"embeddable":true,"href":"https:\/\/saec.sp.gov.br\/index.php\/wp-json\/wp\/v2\/users\/2"}],"replies":[{"embeddable":true,"href":"https:\/\/saec.sp.gov.br\/index.php\/wp-json\/wp\/v2\/comments?post=972"}],"version-history":[{"count":4,"href":"https:\/\/saec.sp.gov.br\/index.php\/wp-json\/wp\/v2\/posts\/972\/revisions"}],"predecessor-version":[{"id":976,"href":"https:\/\/saec.sp.gov.br\/index.php\/wp-json\/wp\/v2\/posts\/972\/revisions\/976"}],"wp:featuredmedia":[{"embeddable":true,"href":"https:\/\/saec.sp.gov.br\/index.php\/wp-json\/wp\/v2\/media\/971"}],"wp:attachment":[{"href":"https:\/\/saec.sp.gov.br\/index.php\/wp-json\/wp\/v2\/media?parent=972"}],"wp:term":[{"taxonomy":"category","embeddable":true,"href":"https:\/\/saec.sp.gov.br\/index.php\/wp-json\/wp\/v2\/categories?post=972"},{"taxonomy":"post_tag","embeddable":true,"href":"https:\/\/saec.sp.gov.br\/index.php\/wp-json\/wp\/v2\/tags?post=972"}],"curies":[{"name":"wp","href":"https:\/\/api.w.org\/{rel}","templated":true}]}}