{"id":9823,"date":"2025-01-17T11:46:28","date_gmt":"2025-01-17T14:46:28","guid":{"rendered":"https:\/\/saec.sp.gov.br\/?p=9823"},"modified":"2025-01-20T11:52:52","modified_gmt":"2025-01-20T14:52:52","slug":"coleta-seletiva-9","status":"publish","type":"post","link":"https:\/\/saec.sp.gov.br\/index.php\/2025\/01\/17\/coleta-seletiva-9\/","title":{"rendered":"COLETA SELETIVA"},"content":{"rendered":"<div class=\"xdj266r x11i5rnm xat24cr x1mh8g0r x1vvkbs x126k92a\">\n<div dir=\"auto\">Colabore com essa iniciativa! Entre para o time de bem com o meio ambiente e recicle <span class=\"html-span xexx8yu x4uap5 x18d9i69 xkhd6sd x1hl2dhg x16tdsg8 x1vvkbs x3nfvp2 x1j61x8r x1fcty0u xdj266r xat24cr xgzva0m xhhsvwb xxymvpz xlup9mm x1kky2od\"><img loading=\"lazy\" decoding=\"async\" class=\"xz74otr lazyload\" src=\"data:image\/gif;base64,R0lGODlhAQABAAAAACH5BAEKAAEALAAAAAABAAEAAAICTAEAOw==\" data-src=\"https:\/\/static.xx.fbcdn.net\/images\/emoji.php\/v9\/tf8\/1\/16\/267b.png\" alt=\"\u267b\ufe0f\" width=\"16\" height=\"16\" \/><\/span> pap\u00e9is, vidros, pl\u00e1sticos e metais. O servi\u00e7o \u00e9 executado uma vez por semana em todos os bairros, mas tem pontos da cidade onde o caminh\u00e3o passa com mais frequ\u00eancia, como por exemplo, no quadril\u00e1tero central.<\/div>\n<div dir=\"auto\"><\/div>\n<\/div>\n<div class=\"x11i5rnm xat24cr x1mh8g0r x1vvkbs xtlvy1s x126k92a\">\n<div dir=\"auto\">Confira os bairros onde o caminh\u00e3o da coleta seletiva estar\u00e1 neste s\u00e1bado.<\/div>\n<div dir=\"auto\"><\/div>\n<\/div>\n<div class=\"x11i5rnm xat24cr x1mh8g0r x1vvkbs xtlvy1s x126k92a\">\n<div dir=\"auto\">A rela\u00e7\u00e3o completa dos bairros est\u00e1 dispon\u00edvel no site: <span class=\"html-span xdj266r x11i5rnm xat24cr x1mh8g0r xexx8yu x4uap5 x18d9i69 xkhd6sd x1hl2dhg x16tdsg8 x1vvkbs\"><a class=\"x1i10hfl xjbqb8w x1ejq31n xd10rxx x1sy0etr x17r0tee x972fbf xcfux6l x1qhh985 xm0m39n x9f619 x1ypdohk xt0psk2 xe8uvvx xdj266r x11i5rnm xat24cr x1mh8g0r xexx8yu x4uap5 x18d9i69 xkhd6sd x16tdsg8 x1hl2dhg xggy1nq x1a2a7pz x1sur9pj xkrqix3 x1fey0fg\" tabindex=\"0\" role=\"link\" href=\"https:\/\/l.facebook.com\/l.php?u=http%3A%2F%2Fwww.saec.sp.gov.br%2F%3Ffbclid%3DIwZXh0bgNhZW0CMTAAAR1XHfZdy-Fjn3rqysLdnQwgaeoBil3oADcxevQGy7C4JrcLbEhp7td4s4E_aem_rgOFEViVJt5wmyYPwEkxlg&amp;h=AT0SIyheZDZvCExksLDZVrontZIaGLnCqdttWB0IrHQFNKWBzwmEpTgh34A-45pTjlP74aPG2xkmR8fAP4GnR5bSEsCdW6mzp3nR9hafCWwfDeCrAeNlo3E7kuRP5sMEKGgF&amp;__tn__=-UK-R&amp;c[0]=AT1EIBnOu4oAD0_vasMOntPrZQpy49VnExeNsyDFCbqkuqJHazE6HW2Wm31fSBJO0zd8hA6HkfOvqr_mF6V-Adr6R3NTpZfhUENL0SqEF3vUsLmZEQ6WFct-ecInegE1qeB1tQCLuYhM6eXDyfopWXl3BhTTc7DzPXF-nZ-n8LS_bXPi-7KWUj3_sqEzDxZuKpqBEndyQRDe-KlRgWXbl9zxLaU\" target=\"_blank\" rel=\"nofollow noopener noreferrer\">www.saec.sp.gov.br<\/a><\/span><\/div>\n<div dir=\"auto\"><\/div>\n<\/div>\n<div class=\"x11i5rnm xat24cr x1mh8g0r x1vvkbs xtlvy1s x126k92a\">\n<div dir=\"auto\">Todos juntos pelo meio ambiente.<\/div>\n<\/div>\n<div dir=\"auto\"><\/div>\n<div dir=\"auto\"><img loading=\"lazy\" decoding=\"async\" class=\"alignnone size-medium wp-image-9825 lazyload\" src=\"data:image\/gif;base64,R0lGODlhAQABAAAAACH5BAEKAAEALAAAAAABAAEAAAICTAEAOw==\" data-src=\"http:\/\/saec.sp.gov.br\/wp-content\/uploads\/2025\/01\/site2-2-300x300.jpg\" alt=\"\" width=\"300\" height=\"300\" data-sizes=\"auto\" data-srcset=\"https:\/\/saec.sp.gov.br\/wp-content\/uploads\/2025\/01\/site2-2-300x300.jpg 300w, https:\/\/saec.sp.gov.br\/wp-content\/uploads\/2025\/01\/site2-2-1024x1024.jpg 1024w, https:\/\/saec.sp.gov.br\/wp-content\/uploads\/2025\/01\/site2-2-150x150.jpg 150w, https:\/\/saec.sp.gov.br\/wp-content\/uploads\/2025\/01\/site2-2-768x768.jpg 768w, https:\/\/saec.sp.gov.br\/wp-content\/uploads\/2025\/01\/site2-2-600x600.jpg 600w, https:\/\/saec.sp.gov.br\/wp-content\/uploads\/2025\/01\/site2-2-20x20.jpg 20w, https:\/\/saec.sp.gov.br\/wp-content\/uploads\/2025\/01\/site2-2.jpg 1080w\" sizes=\"(max-width: 300px) 100vw, 300px\" \/><\/div>\n","protected":false},"excerpt":{"rendered":"<p>Colabore com essa iniciativa! Entre para o time de bem com o meio ambiente e recicle pap\u00e9is, vidros, pl\u00e1sticos e metais. O servi\u00e7o \u00e9 executado uma vez por semana em todos os bairros, mas tem pontos da cidade onde o caminh\u00e3o passa com mais frequ\u00eancia, como por exemplo, no quadril\u00e1tero central. Confira os bairros onde [&hellip;]<\/p>\n","protected":false},"author":12,"featured_media":9824,"comment_status":"closed","ping_status":"closed","sticky":false,"template":"","format":"standard","meta":{"footnotes":""},"categories":[41],"tags":[],"yoast_head":"<!-- This site is optimized with the Yoast SEO plugin v15.3 - https:\/\/yoast.com\/wordpress\/plugins\/seo\/ -->\n<title>COLETA SELETIVA - SAEC Superintendencia de Agua e Esgoto de Catanduva<\/title>\n<meta name=\"robots\" content=\"index, follow, max-snippet:-1, max-image-preview:large, max-video-preview:-1\" \/>\n<link rel=\"canonical\" href=\"https:\/\/saec.sp.gov.br\/index.php\/2025\/01\/17\/coleta-seletiva-9\/\" \/>\n<meta property=\"og:locale\" content=\"pt_BR\" \/>\n<meta property=\"og:type\" content=\"article\" \/>\n<meta property=\"og:title\" content=\"COLETA SELETIVA - SAEC Superintendencia de Agua e Esgoto de Catanduva\" \/>\n<meta property=\"og:description\" content=\"Colabore com essa iniciativa! Entre para o time de bem com o meio ambiente e recicle pap\u00e9is, vidros, pl\u00e1sticos e metais. O servi\u00e7o \u00e9 executado uma vez por semana em todos os bairros, mas tem pontos da cidade onde o caminh\u00e3o passa com mais frequ\u00eancia, como por exemplo, no quadril\u00e1tero central. Confira os bairros onde [&hellip;]\" \/>\n<meta property=\"og:url\" content=\"https:\/\/saec.sp.gov.br\/index.php\/2025\/01\/17\/coleta-seletiva-9\/\" \/>\n<meta property=\"og:site_name\" content=\"SAEC Superintendencia de Agua e Esgoto de Catanduva\" \/>\n<meta property=\"article:published_time\" content=\"2025-01-17T14:46:28+00:00\" \/>\n<meta property=\"article:modified_time\" content=\"2025-01-20T14:52:52+00:00\" \/>\n<meta property=\"og:image\" content=\"https:\/\/saec.sp.gov.br\/wp-content\/uploads\/2025\/01\/site-12.jpg\" \/>\n\t<meta property=\"og:image:width\" content=\"1080\" \/>\n\t<meta property=\"og:image:height\" content=\"1080\" \/>\n<meta name=\"twitter:card\" content=\"summary\" \/>\n<meta name=\"twitter:label1\" content=\"Written by\">\n\t<meta name=\"twitter:data1\" content=\"Karla Sibro\">\n\t<meta name=\"twitter:label2\" content=\"Est. reading time\">\n\t<meta name=\"twitter:data2\" content=\"0 minuto\">\n<script type=\"application\/ld+json\" class=\"yoast-schema-graph\">{\"@context\":\"https:\/\/schema.org\",\"@graph\":[{\"@type\":\"WebSite\",\"@id\":\"https:\/\/saec.sp.gov.br\/#website\",\"url\":\"https:\/\/saec.sp.gov.br\/\",\"name\":\"SAEC Superintendencia de Agua e Esgoto de Catanduva\",\"description\":\"SAEC\",\"potentialAction\":[{\"@type\":\"SearchAction\",\"target\":\"https:\/\/saec.sp.gov.br\/?s={search_term_string}\",\"query-input\":\"required name=search_term_string\"}],\"inLanguage\":\"pt-BR\"},{\"@type\":\"ImageObject\",\"@id\":\"https:\/\/saec.sp.gov.br\/index.php\/2025\/01\/17\/coleta-seletiva-9\/#primaryimage\",\"inLanguage\":\"pt-BR\",\"url\":\"https:\/\/saec.sp.gov.br\/wp-content\/uploads\/2025\/01\/site-12.jpg\",\"width\":1080,\"height\":1080},{\"@type\":\"WebPage\",\"@id\":\"https:\/\/saec.sp.gov.br\/index.php\/2025\/01\/17\/coleta-seletiva-9\/#webpage\",\"url\":\"https:\/\/saec.sp.gov.br\/index.php\/2025\/01\/17\/coleta-seletiva-9\/\",\"name\":\"COLETA SELETIVA - SAEC Superintendencia de Agua e Esgoto de Catanduva\",\"isPartOf\":{\"@id\":\"https:\/\/saec.sp.gov.br\/#website\"},\"primaryImageOfPage\":{\"@id\":\"https:\/\/saec.sp.gov.br\/index.php\/2025\/01\/17\/coleta-seletiva-9\/#primaryimage\"},\"datePublished\":\"2025-01-17T14:46:28+00:00\",\"dateModified\":\"2025-01-20T14:52:52+00:00\",\"author\":{\"@id\":\"https:\/\/saec.sp.gov.br\/#\/schema\/person\/0adeb299f513c0b2fcb1812012e43dea\"},\"inLanguage\":\"pt-BR\",\"potentialAction\":[{\"@type\":\"ReadAction\",\"target\":[\"https:\/\/saec.sp.gov.br\/index.php\/2025\/01\/17\/coleta-seletiva-9\/\"]}]},{\"@type\":\"Person\",\"@id\":\"https:\/\/saec.sp.gov.br\/#\/schema\/person\/0adeb299f513c0b2fcb1812012e43dea\",\"name\":\"Karla Sibro\"}]}<\/script>\n<!-- \/ Yoast SEO plugin. -->","amp_validity":null,"amp_enabled":true,"_links":{"self":[{"href":"https:\/\/saec.sp.gov.br\/index.php\/wp-json\/wp\/v2\/posts\/9823"}],"collection":[{"href":"https:\/\/saec.sp.gov.br\/index.php\/wp-json\/wp\/v2\/posts"}],"about":[{"href":"https:\/\/saec.sp.gov.br\/index.php\/wp-json\/wp\/v2\/types\/post"}],"author":[{"embeddable":true,"href":"https:\/\/saec.sp.gov.br\/index.php\/wp-json\/wp\/v2\/users\/12"}],"replies":[{"embeddable":true,"href":"https:\/\/saec.sp.gov.br\/index.php\/wp-json\/wp\/v2\/comments?post=9823"}],"version-history":[{"count":1,"href":"https:\/\/saec.sp.gov.br\/index.php\/wp-json\/wp\/v2\/posts\/9823\/revisions"}],"predecessor-version":[{"id":9826,"href":"https:\/\/saec.sp.gov.br\/index.php\/wp-json\/wp\/v2\/posts\/9823\/revisions\/9826"}],"wp:featuredmedia":[{"embeddable":true,"href":"https:\/\/saec.sp.gov.br\/index.php\/wp-json\/wp\/v2\/media\/9824"}],"wp:attachment":[{"href":"https:\/\/saec.sp.gov.br\/index.php\/wp-json\/wp\/v2\/media?parent=9823"}],"wp:term":[{"taxonomy":"category","embeddable":true,"href":"https:\/\/saec.sp.gov.br\/index.php\/wp-json\/wp\/v2\/categories?post=9823"},{"taxonomy":"post_tag","embeddable":true,"href":"https:\/\/saec.sp.gov.br\/index.php\/wp-json\/wp\/v2\/tags?post=9823"}],"curies":[{"name":"wp","href":"https:\/\/api.w.org\/{rel}","templated":true}]}}