{"id":9954,"date":"2025-02-13T17:28:40","date_gmt":"2025-02-13T20:28:40","guid":{"rendered":"https:\/\/saec.sp.gov.br\/?p=9954"},"modified":"2025-02-13T17:28:40","modified_gmt":"2025-02-13T20:28:40","slug":"interdicao-parcial-da-avenida-jose-nelson-machado","status":"publish","type":"post","link":"https:\/\/saec.sp.gov.br\/index.php\/2025\/02\/13\/interdicao-parcial-da-avenida-jose-nelson-machado\/","title":{"rendered":"INTERDI\u00c7\u00c3O PARCIAL DA AVENIDA JOS\u00c9 NELSON MACHADO"},"content":{"rendered":"<div class=\"xdj266r x11i5rnm xat24cr x1mh8g0r x1vvkbs x126k92a\">\n<div dir=\"auto\">Aten\u00e7\u00e3o, motoristas! A Saec informa que avenida Jos\u00e9 Nelson Machado no cruzamento com a rua Catigu\u00e1 est\u00e1 parcialmente interditada nesta quinta-feira, dia 13 e deve permanecer nesta sexta-feira, dia 14. O local precisou ficar interditado por conta de teste que est\u00e1 sendo realizado na rede adutora.<\/div>\n<\/div>\n<div class=\"x11i5rnm xat24cr x1mh8g0r x1vvkbs xtlvy1s x126k92a\">\n<div dir=\"auto\"><\/div>\n<div dir=\"auto\">O trecho afetado consta com ampla sinaliza\u00e7\u00e3o, inclusive com sinaliza\u00e7\u00e3o noturna adequada. A Saec pede aos condutores que redobrem a aten\u00e7\u00e3o, reduza a velocidade e siga a sinaliza\u00e7\u00e3o no local para garantir a seguran\u00e7a de todos.<\/div>\n<\/div>\n<div class=\"x11i5rnm xat24cr x1mh8g0r x1vvkbs xtlvy1s x126k92a\">\n<div dir=\"auto\"><\/div>\n<div dir=\"auto\">A Saec agradece sua compreens\u00e3o e colabora\u00e7\u00e3o.<\/div>\n<\/div>\n","protected":false},"excerpt":{"rendered":"<p>Aten\u00e7\u00e3o, motoristas! A Saec informa que avenida Jos\u00e9 Nelson Machado no cruzamento com a rua Catigu\u00e1 est\u00e1 parcialmente interditada nesta quinta-feira, dia 13 e deve permanecer nesta sexta-feira, dia 14. O local precisou ficar interditado por conta de teste que est\u00e1 sendo realizado na rede adutora. O trecho afetado consta com ampla sinaliza\u00e7\u00e3o, inclusive com [&hellip;]<\/p>\n","protected":false},"author":12,"featured_media":9955,"comment_status":"closed","ping_status":"closed","sticky":false,"template":"","format":"standard","meta":{"footnotes":""},"categories":[41],"tags":[],"yoast_head":"<!-- This site is optimized with the Yoast SEO plugin v15.3 - https:\/\/yoast.com\/wordpress\/plugins\/seo\/ -->\n<title>INTERDI\u00c7\u00c3O PARCIAL DA AVENIDA JOS\u00c9 NELSON MACHADO - SAEC Superintendencia de Agua e Esgoto de Catanduva<\/title>\n<meta name=\"robots\" content=\"index, follow, max-snippet:-1, max-image-preview:large, max-video-preview:-1\" \/>\n<link rel=\"canonical\" href=\"https:\/\/saec.sp.gov.br\/index.php\/2025\/02\/13\/interdicao-parcial-da-avenida-jose-nelson-machado\/\" \/>\n<meta property=\"og:locale\" content=\"pt_BR\" \/>\n<meta property=\"og:type\" content=\"article\" \/>\n<meta property=\"og:title\" content=\"INTERDI\u00c7\u00c3O PARCIAL DA AVENIDA JOS\u00c9 NELSON MACHADO - SAEC Superintendencia de Agua e Esgoto de Catanduva\" \/>\n<meta property=\"og:description\" content=\"Aten\u00e7\u00e3o, motoristas! A Saec informa que avenida Jos\u00e9 Nelson Machado no cruzamento com a rua Catigu\u00e1 est\u00e1 parcialmente interditada nesta quinta-feira, dia 13 e deve permanecer nesta sexta-feira, dia 14. O local precisou ficar interditado por conta de teste que est\u00e1 sendo realizado na rede adutora. O trecho afetado consta com ampla sinaliza\u00e7\u00e3o, inclusive com [&hellip;]\" \/>\n<meta property=\"og:url\" content=\"https:\/\/saec.sp.gov.br\/index.php\/2025\/02\/13\/interdicao-parcial-da-avenida-jose-nelson-machado\/\" \/>\n<meta property=\"og:site_name\" content=\"SAEC Superintendencia de Agua e Esgoto de Catanduva\" \/>\n<meta property=\"article:published_time\" content=\"2025-02-13T20:28:40+00:00\" \/>\n<meta property=\"og:image\" content=\"https:\/\/saec.sp.gov.br\/wp-content\/uploads\/2025\/02\/site-4.jpg\" \/>\n\t<meta property=\"og:image:width\" content=\"2048\" \/>\n\t<meta property=\"og:image:height\" content=\"1152\" \/>\n<meta name=\"twitter:card\" content=\"summary\" \/>\n<meta name=\"twitter:label1\" content=\"Written by\">\n\t<meta name=\"twitter:data1\" content=\"Karla Sibro\">\n\t<meta name=\"twitter:label2\" content=\"Est. reading time\">\n\t<meta name=\"twitter:data2\" content=\"0 minuto\">\n<script type=\"application\/ld+json\" class=\"yoast-schema-graph\">{\"@context\":\"https:\/\/schema.org\",\"@graph\":[{\"@type\":\"WebSite\",\"@id\":\"https:\/\/saec.sp.gov.br\/#website\",\"url\":\"https:\/\/saec.sp.gov.br\/\",\"name\":\"SAEC Superintendencia de Agua e Esgoto de Catanduva\",\"description\":\"SAEC\",\"potentialAction\":[{\"@type\":\"SearchAction\",\"target\":\"https:\/\/saec.sp.gov.br\/?s={search_term_string}\",\"query-input\":\"required name=search_term_string\"}],\"inLanguage\":\"pt-BR\"},{\"@type\":\"ImageObject\",\"@id\":\"https:\/\/saec.sp.gov.br\/index.php\/2025\/02\/13\/interdicao-parcial-da-avenida-jose-nelson-machado\/#primaryimage\",\"inLanguage\":\"pt-BR\",\"url\":\"https:\/\/saec.sp.gov.br\/wp-content\/uploads\/2025\/02\/site-4.jpg\",\"width\":2048,\"height\":1152},{\"@type\":\"WebPage\",\"@id\":\"https:\/\/saec.sp.gov.br\/index.php\/2025\/02\/13\/interdicao-parcial-da-avenida-jose-nelson-machado\/#webpage\",\"url\":\"https:\/\/saec.sp.gov.br\/index.php\/2025\/02\/13\/interdicao-parcial-da-avenida-jose-nelson-machado\/\",\"name\":\"INTERDI\\u00c7\\u00c3O PARCIAL DA AVENIDA JOS\\u00c9 NELSON MACHADO - SAEC Superintendencia de Agua e Esgoto de Catanduva\",\"isPartOf\":{\"@id\":\"https:\/\/saec.sp.gov.br\/#website\"},\"primaryImageOfPage\":{\"@id\":\"https:\/\/saec.sp.gov.br\/index.php\/2025\/02\/13\/interdicao-parcial-da-avenida-jose-nelson-machado\/#primaryimage\"},\"datePublished\":\"2025-02-13T20:28:40+00:00\",\"dateModified\":\"2025-02-13T20:28:40+00:00\",\"author\":{\"@id\":\"https:\/\/saec.sp.gov.br\/#\/schema\/person\/0adeb299f513c0b2fcb1812012e43dea\"},\"inLanguage\":\"pt-BR\",\"potentialAction\":[{\"@type\":\"ReadAction\",\"target\":[\"https:\/\/saec.sp.gov.br\/index.php\/2025\/02\/13\/interdicao-parcial-da-avenida-jose-nelson-machado\/\"]}]},{\"@type\":\"Person\",\"@id\":\"https:\/\/saec.sp.gov.br\/#\/schema\/person\/0adeb299f513c0b2fcb1812012e43dea\",\"name\":\"Karla Sibro\"}]}<\/script>\n<!-- \/ Yoast SEO plugin. -->","amp_validity":null,"amp_enabled":true,"_links":{"self":[{"href":"https:\/\/saec.sp.gov.br\/index.php\/wp-json\/wp\/v2\/posts\/9954"}],"collection":[{"href":"https:\/\/saec.sp.gov.br\/index.php\/wp-json\/wp\/v2\/posts"}],"about":[{"href":"https:\/\/saec.sp.gov.br\/index.php\/wp-json\/wp\/v2\/types\/post"}],"author":[{"embeddable":true,"href":"https:\/\/saec.sp.gov.br\/index.php\/wp-json\/wp\/v2\/users\/12"}],"replies":[{"embeddable":true,"href":"https:\/\/saec.sp.gov.br\/index.php\/wp-json\/wp\/v2\/comments?post=9954"}],"version-history":[{"count":1,"href":"https:\/\/saec.sp.gov.br\/index.php\/wp-json\/wp\/v2\/posts\/9954\/revisions"}],"predecessor-version":[{"id":9956,"href":"https:\/\/saec.sp.gov.br\/index.php\/wp-json\/wp\/v2\/posts\/9954\/revisions\/9956"}],"wp:featuredmedia":[{"embeddable":true,"href":"https:\/\/saec.sp.gov.br\/index.php\/wp-json\/wp\/v2\/media\/9955"}],"wp:attachment":[{"href":"https:\/\/saec.sp.gov.br\/index.php\/wp-json\/wp\/v2\/media?parent=9954"}],"wp:term":[{"taxonomy":"category","embeddable":true,"href":"https:\/\/saec.sp.gov.br\/index.php\/wp-json\/wp\/v2\/categories?post=9954"},{"taxonomy":"post_tag","embeddable":true,"href":"https:\/\/saec.sp.gov.br\/index.php\/wp-json\/wp\/v2\/tags?post=9954"}],"curies":[{"name":"wp","href":"https:\/\/api.w.org\/{rel}","templated":true}]}}